{"id":2019,"date":"2026-04-30T00:02:40","date_gmt":"2026-04-30T03:02:40","guid":{"rendered":"https:\/\/nossapauta.com.br\/?p=2019"},"modified":"2026-04-30T00:02:42","modified_gmt":"2026-04-30T03:02:42","slug":"jeep-avenger-flagra-revela-detalhes-do-novo-visual-para-o-mercado-brasileiro","status":"publish","type":"post","link":"https:\/\/nossapauta.com.br\/index.php\/2026\/04\/30\/jeep-avenger-flagra-revela-detalhes-do-novo-visual-para-o-mercado-brasileiro\/","title":{"rendered":"Jeep Avenger: Flagra revela detalhes do novo visual para o mercado brasileiro"},"content":{"rendered":"\n<p>O <strong>Jeep Avenger<\/strong>, uma das promessas mais aguardadas para o portf\u00f3lio da marca no Brasil, foi recentemente avistado em testes, revelando atualiza\u00e7\u00f5es importantes em seu design. O modelo, que deve atuar como o novo SUV de entrada da Jeep por aqui, traz elementos que refor\u00e7am a identidade robusta da fabricante, mesmo em propor\u00e7\u00f5es mais compactas.<\/p>\n\n\n\n<h3 class=\"wp-block-heading\">O que muda no design?<\/h3>\n\n\n\n<p>De acordo com os registros mais recentes, o Avenger nacional deve apresentar:<\/p>\n\n\n\n<ul class=\"wp-block-list\">\n<li><strong>Grade Frontal Reformulada:<\/strong> Mantendo as tradicionais sete fendas, mas com um acabamento mais moderno e aerodin\u00e2mico.<\/li>\n\n\n\n<li><strong>Conjunto \u00d3ptico:<\/strong> Far\u00f3is em LED com nova assinatura luminosa, garantindo um visual mais agressivo.<\/li>\n\n\n\n<li><strong>Rodas de Liga Leve:<\/strong> Novos desenhos que variam conforme a vers\u00e3o, focando em um apelo mais urbano e sofisticado.<\/li>\n<\/ul>\n\n\n\n<hr class=\"wp-block-separator has-alpha-channel-opacity\"\/>\n\n\n\n<h3 class=\"wp-block-heading\">Estrat\u00e9gia e Motoriza\u00e7\u00e3o<\/h3>\n\n\n\n<p>A aposta da Jeep com o Avenger no Brasil \u00e9 clara: ocupar o espa\u00e7o abaixo do Renegade e atrair um p\u00fablico que busca tecnologia e efici\u00eancia. No que diz respeito \u00e0 mec\u00e2nica, espera-se que o modelo utilize a plataforma <strong>CMP<\/strong> (a mesma do Peugeot 208 e Citro\u00ebn C3), o que permite uma produ\u00e7\u00e3o mais \u00e1gil e competitiva em territ\u00f3rio nacional.<\/p>\n\n\n\n<blockquote class=\"wp-block-quote is-layout-flow wp-block-quote-is-layout-flow\">\n<p><strong>Ponto importante:<\/strong> Embora na Europa o foco seja o modelo el\u00e9trico, no Brasil a tend\u00eancia \u00e9 que o SUV receba motoriza\u00e7\u00e3o <strong>h\u00edbrida-leve (Bio-Hybrid)<\/strong> ou o conhecido propulsor <strong>1.0 Turbo (T200)<\/strong>, garantindo um equil\u00edbrio entre desempenho e economia de combust\u00edvel.<\/p>\n<\/blockquote>\n\n\n\n<h3 class=\"wp-block-heading\">Expectativa de Lan\u00e7amento<\/h3>\n\n\n\n<p>Ainda sem uma data oficial de estreia nas concession\u00e1rias, o ritmo acelerado dos testes indica que o lan\u00e7amento est\u00e1 pr\u00f3ximo. O modelo ser\u00e1 pe\u00e7a-chave para a Jeep manter sua lideran\u00e7a no segmento de SUVs, enfrentando concorrentes diretos no crescente mercado de utilit\u00e1rios esportivos compactos.<\/p>\n","protected":false},"excerpt":{"rendered":"<p>O Jeep Avenger, uma das promessas mais aguardadas para o portf\u00f3lio da marca no Brasil,<\/p>\n","protected":false},"author":1,"featured_media":2020,"comment_status":"open","ping_status":"open","sticky":false,"template":"","format":"standard","meta":{"footnotes":""},"categories":[22],"tags":[],"class_list":["post-2019","post","type-post","status-publish","format-standard","has-post-thumbnail","hentry","category-automotivo"],"yoast_head":"<!-- This site is optimized with the Yoast SEO plugin v27.3 - https:\/\/yoast.com\/product\/yoast-seo-wordpress\/ -->\n<title>Jeep Avenger: Flagra revela detalhes do novo visual para o mercado brasileiro - Portal Nossa Pauta<\/title>\n<meta name=\"robots\" content=\"index, follow, max-snippet:-1, max-image-preview:large, max-video-preview:-1\" \/>\n<link rel=\"canonical\" href=\"https:\/\/nossapauta.com.br\/index.php\/2026\/04\/30\/jeep-avenger-flagra-revela-detalhes-do-novo-visual-para-o-mercado-brasileiro\/\" \/>\n<meta property=\"og:locale\" content=\"pt_BR\" \/>\n<meta property=\"og:type\" content=\"article\" \/>\n<meta property=\"og:title\" content=\"Jeep Avenger: Flagra revela detalhes do novo visual para o mercado brasileiro - Portal Nossa Pauta\" \/>\n<meta property=\"og:description\" content=\"O Jeep Avenger, uma das promessas mais aguardadas para o portf\u00f3lio da marca no Brasil,\" \/>\n<meta property=\"og:url\" content=\"https:\/\/nossapauta.com.br\/index.php\/2026\/04\/30\/jeep-avenger-flagra-revela-detalhes-do-novo-visual-para-o-mercado-brasileiro\/\" \/>\n<meta property=\"og:site_name\" content=\"Portal Nossa Pauta\" \/>\n<meta property=\"article:published_time\" content=\"2026-04-30T03:02:40+00:00\" \/>\n<meta property=\"article:modified_time\" content=\"2026-04-30T03:02:42+00:00\" \/>\n<meta property=\"og:image\" content=\"https:\/\/nossapauta.com.br\/wp-content\/uploads\/2025\/10\/logo-Nossa_Pauta_h.png\" \/>\n\t<meta property=\"og:image:width\" content=\"1188\" \/>\n\t<meta property=\"og:image:height\" content=\"492\" \/>\n\t<meta property=\"og:image:type\" content=\"image\/png\" \/>\n<meta name=\"author\" content=\"administrador\" \/>\n<meta name=\"twitter:card\" content=\"summary_large_image\" \/>\n<meta name=\"twitter:creator\" content=\"@NossaPautaNews\" \/>\n<meta name=\"twitter:site\" content=\"@NossaPautaNews\" \/>\n<meta name=\"twitter:label1\" content=\"Escrito por\" \/>\n\t<meta name=\"twitter:data1\" content=\"administrador\" \/>\n\t<meta name=\"twitter:label2\" content=\"Est. tempo de leitura\" \/>\n\t<meta name=\"twitter:data2\" content=\"2 minutos\" \/>\n<script type=\"application\/ld+json\" class=\"yoast-schema-graph\">{\"@context\":\"https:\\\/\\\/schema.org\",\"@graph\":[{\"@type\":\"Article\",\"@id\":\"https:\\\/\\\/nossapauta.com.br\\\/index.php\\\/2026\\\/04\\\/30\\\/jeep-avenger-flagra-revela-detalhes-do-novo-visual-para-o-mercado-brasileiro\\\/#article\",\"isPartOf\":{\"@id\":\"https:\\\/\\\/nossapauta.com.br\\\/index.php\\\/2026\\\/04\\\/30\\\/jeep-avenger-flagra-revela-detalhes-do-novo-visual-para-o-mercado-brasileiro\\\/\"},\"author\":{\"name\":\"administrador\",\"@id\":\"https:\\\/\\\/nossapauta.com.br\\\/#\\\/schema\\\/person\\\/8d625d7bb2dca8b87c9accaa7f07cb3b\"},\"headline\":\"Jeep Avenger: Flagra revela detalhes do novo visual para o mercado brasileiro\",\"datePublished\":\"2026-04-30T03:02:40+00:00\",\"dateModified\":\"2026-04-30T03:02:42+00:00\",\"mainEntityOfPage\":{\"@id\":\"https:\\\/\\\/nossapauta.com.br\\\/index.php\\\/2026\\\/04\\\/30\\\/jeep-avenger-flagra-revela-detalhes-do-novo-visual-para-o-mercado-brasileiro\\\/\"},\"wordCount\":306,\"commentCount\":0,\"publisher\":{\"@id\":\"https:\\\/\\\/nossapauta.com.br\\\/#organization\"},\"image\":{\"@id\":\"https:\\\/\\\/nossapauta.com.br\\\/index.php\\\/2026\\\/04\\\/30\\\/jeep-avenger-flagra-revela-detalhes-do-novo-visual-para-o-mercado-brasileiro\\\/#primaryimage\"},\"thumbnailUrl\":\"https:\\\/\\\/nossapauta.com.br\\\/wp-content\\\/uploads\\\/2026\\\/04\\\/jeep-avenger.avif\",\"articleSection\":[\"Automotivo\"],\"inLanguage\":\"pt-BR\",\"potentialAction\":[{\"@type\":\"CommentAction\",\"name\":\"Comment\",\"target\":[\"https:\\\/\\\/nossapauta.com.br\\\/index.php\\\/2026\\\/04\\\/30\\\/jeep-avenger-flagra-revela-detalhes-do-novo-visual-para-o-mercado-brasileiro\\\/#respond\"]}]},{\"@type\":\"WebPage\",\"@id\":\"https:\\\/\\\/nossapauta.com.br\\\/index.php\\\/2026\\\/04\\\/30\\\/jeep-avenger-flagra-revela-detalhes-do-novo-visual-para-o-mercado-brasileiro\\\/\",\"url\":\"https:\\\/\\\/nossapauta.com.br\\\/index.php\\\/2026\\\/04\\\/30\\\/jeep-avenger-flagra-revela-detalhes-do-novo-visual-para-o-mercado-brasileiro\\\/\",\"name\":\"Jeep Avenger: Flagra revela detalhes do novo visual para o mercado brasileiro - Portal Nossa Pauta\",\"isPartOf\":{\"@id\":\"https:\\\/\\\/nossapauta.com.br\\\/#website\"},\"primaryImageOfPage\":{\"@id\":\"https:\\\/\\\/nossapauta.com.br\\\/index.php\\\/2026\\\/04\\\/30\\\/jeep-avenger-flagra-revela-detalhes-do-novo-visual-para-o-mercado-brasileiro\\\/#primaryimage\"},\"image\":{\"@id\":\"https:\\\/\\\/nossapauta.com.br\\\/index.php\\\/2026\\\/04\\\/30\\\/jeep-avenger-flagra-revela-detalhes-do-novo-visual-para-o-mercado-brasileiro\\\/#primaryimage\"},\"thumbnailUrl\":\"https:\\\/\\\/nossapauta.com.br\\\/wp-content\\\/uploads\\\/2026\\\/04\\\/jeep-avenger.avif\",\"datePublished\":\"2026-04-30T03:02:40+00:00\",\"dateModified\":\"2026-04-30T03:02:42+00:00\",\"breadcrumb\":{\"@id\":\"https:\\\/\\\/nossapauta.com.br\\\/index.php\\\/2026\\\/04\\\/30\\\/jeep-avenger-flagra-revela-detalhes-do-novo-visual-para-o-mercado-brasileiro\\\/#breadcrumb\"},\"inLanguage\":\"pt-BR\",\"potentialAction\":[{\"@type\":\"ReadAction\",\"target\":[\"https:\\\/\\\/nossapauta.com.br\\\/index.php\\\/2026\\\/04\\\/30\\\/jeep-avenger-flagra-revela-detalhes-do-novo-visual-para-o-mercado-brasileiro\\\/\"]}]},{\"@type\":\"ImageObject\",\"inLanguage\":\"pt-BR\",\"@id\":\"https:\\\/\\\/nossapauta.com.br\\\/index.php\\\/2026\\\/04\\\/30\\\/jeep-avenger-flagra-revela-detalhes-do-novo-visual-para-o-mercado-brasileiro\\\/#primaryimage\",\"url\":\"https:\\\/\\\/nossapauta.com.br\\\/wp-content\\\/uploads\\\/2026\\\/04\\\/jeep-avenger.avif\",\"contentUrl\":\"https:\\\/\\\/nossapauta.com.br\\\/wp-content\\\/uploads\\\/2026\\\/04\\\/jeep-avenger.avif\",\"width\":888,\"height\":592},{\"@type\":\"BreadcrumbList\",\"@id\":\"https:\\\/\\\/nossapauta.com.br\\\/index.php\\\/2026\\\/04\\\/30\\\/jeep-avenger-flagra-revela-detalhes-do-novo-visual-para-o-mercado-brasileiro\\\/#breadcrumb\",\"itemListElement\":[{\"@type\":\"ListItem\",\"position\":1,\"name\":\"In\u00edcio\",\"item\":\"https:\\\/\\\/nossapauta.com.br\\\/\"},{\"@type\":\"ListItem\",\"position\":2,\"name\":\"Jeep Avenger: Flagra revela detalhes do novo visual para o mercado brasileiro\"}]},{\"@type\":\"WebSite\",\"@id\":\"https:\\\/\\\/nossapauta.com.br\\\/#website\",\"url\":\"https:\\\/\\\/nossapauta.com.br\\\/\",\"name\":\"Nossa Pauta\",\"description\":\"Seu Portal de not\u00edcias que te atualiza.\",\"publisher\":{\"@id\":\"https:\\\/\\\/nossapauta.com.br\\\/#organization\"},\"alternateName\":\"Portal Nossa Pauta\",\"potentialAction\":[{\"@type\":\"SearchAction\",\"target\":{\"@type\":\"EntryPoint\",\"urlTemplate\":\"https:\\\/\\\/nossapauta.com.br\\\/?s={search_term_string}\"},\"query-input\":{\"@type\":\"PropertyValueSpecification\",\"valueRequired\":true,\"valueName\":\"search_term_string\"}}],\"inLanguage\":\"pt-BR\"},{\"@type\":\"Organization\",\"@id\":\"https:\\\/\\\/nossapauta.com.br\\\/#organization\",\"name\":\"Portal Nossa Pauta\",\"url\":\"https:\\\/\\\/nossapauta.com.br\\\/\",\"logo\":{\"@type\":\"ImageObject\",\"inLanguage\":\"pt-BR\",\"@id\":\"https:\\\/\\\/nossapauta.com.br\\\/#\\\/schema\\\/logo\\\/image\\\/\",\"url\":\"https:\\\/\\\/nossapauta.com.br\\\/wp-content\\\/uploads\\\/2025\\\/10\\\/nossa_pauta_icone.png\",\"contentUrl\":\"https:\\\/\\\/nossapauta.com.br\\\/wp-content\\\/uploads\\\/2025\\\/10\\\/nossa_pauta_icone.png\",\"width\":200,\"height\":186,\"caption\":\"Portal Nossa Pauta\"},\"image\":{\"@id\":\"https:\\\/\\\/nossapauta.com.br\\\/#\\\/schema\\\/logo\\\/image\\\/\"},\"sameAs\":[\"https:\\\/\\\/x.com\\\/NossaPautaNews\",\"https:\\\/\\\/instagram.com\\\/nossa_pauta\"]},{\"@type\":\"Person\",\"@id\":\"https:\\\/\\\/nossapauta.com.br\\\/#\\\/schema\\\/person\\\/8d625d7bb2dca8b87c9accaa7f07cb3b\",\"name\":\"administrador\",\"image\":{\"@type\":\"ImageObject\",\"inLanguage\":\"pt-BR\",\"@id\":\"https:\\\/\\\/secure.gravatar.com\\\/avatar\\\/fbbe7d38e3f8eaea7579cbbd44cf2e8a3a40dfd74b79cc3a0ed44f05b6832146?s=96&d=mm&r=g\",\"url\":\"https:\\\/\\\/secure.gravatar.com\\\/avatar\\\/fbbe7d38e3f8eaea7579cbbd44cf2e8a3a40dfd74b79cc3a0ed44f05b6832146?s=96&d=mm&r=g\",\"contentUrl\":\"https:\\\/\\\/secure.gravatar.com\\\/avatar\\\/fbbe7d38e3f8eaea7579cbbd44cf2e8a3a40dfd74b79cc3a0ed44f05b6832146?s=96&d=mm&r=g\",\"caption\":\"administrador\"},\"sameAs\":[\"http:\\\/\\\/localhost\\\/portal\"],\"url\":\"https:\\\/\\\/nossapauta.com.br\\\/index.php\\\/author\\\/administrador\\\/\"}]}<\/script>\n<!-- \/ Yoast SEO plugin. -->","yoast_head_json":{"title":"Jeep Avenger: Flagra revela detalhes do novo visual para o mercado brasileiro - Portal Nossa Pauta","robots":{"index":"index","follow":"follow","max-snippet":"max-snippet:-1","max-image-preview":"max-image-preview:large","max-video-preview":"max-video-preview:-1"},"canonical":"https:\/\/nossapauta.com.br\/index.php\/2026\/04\/30\/jeep-avenger-flagra-revela-detalhes-do-novo-visual-para-o-mercado-brasileiro\/","og_locale":"pt_BR","og_type":"article","og_title":"Jeep Avenger: Flagra revela detalhes do novo visual para o mercado brasileiro - Portal Nossa Pauta","og_description":"O Jeep Avenger, uma das promessas mais aguardadas para o portf\u00f3lio da marca no Brasil,","og_url":"https:\/\/nossapauta.com.br\/index.php\/2026\/04\/30\/jeep-avenger-flagra-revela-detalhes-do-novo-visual-para-o-mercado-brasileiro\/","og_site_name":"Portal Nossa Pauta","article_published_time":"2026-04-30T03:02:40+00:00","article_modified_time":"2026-04-30T03:02:42+00:00","og_image":[{"width":1188,"height":492,"url":"https:\/\/nossapauta.com.br\/wp-content\/uploads\/2025\/10\/logo-Nossa_Pauta_h.png","type":"image\/png"}],"author":"administrador","twitter_card":"summary_large_image","twitter_creator":"@NossaPautaNews","twitter_site":"@NossaPautaNews","twitter_misc":{"Escrito por":"administrador","Est. tempo de leitura":"2 minutos"},"schema":{"@context":"https:\/\/schema.org","@graph":[{"@type":"Article","@id":"https:\/\/nossapauta.com.br\/index.php\/2026\/04\/30\/jeep-avenger-flagra-revela-detalhes-do-novo-visual-para-o-mercado-brasileiro\/#article","isPartOf":{"@id":"https:\/\/nossapauta.com.br\/index.php\/2026\/04\/30\/jeep-avenger-flagra-revela-detalhes-do-novo-visual-para-o-mercado-brasileiro\/"},"author":{"name":"administrador","@id":"https:\/\/nossapauta.com.br\/#\/schema\/person\/8d625d7bb2dca8b87c9accaa7f07cb3b"},"headline":"Jeep Avenger: Flagra revela detalhes do novo visual para o mercado brasileiro","datePublished":"2026-04-30T03:02:40+00:00","dateModified":"2026-04-30T03:02:42+00:00","mainEntityOfPage":{"@id":"https:\/\/nossapauta.com.br\/index.php\/2026\/04\/30\/jeep-avenger-flagra-revela-detalhes-do-novo-visual-para-o-mercado-brasileiro\/"},"wordCount":306,"commentCount":0,"publisher":{"@id":"https:\/\/nossapauta.com.br\/#organization"},"image":{"@id":"https:\/\/nossapauta.com.br\/index.php\/2026\/04\/30\/jeep-avenger-flagra-revela-detalhes-do-novo-visual-para-o-mercado-brasileiro\/#primaryimage"},"thumbnailUrl":"https:\/\/nossapauta.com.br\/wp-content\/uploads\/2026\/04\/jeep-avenger.avif","articleSection":["Automotivo"],"inLanguage":"pt-BR","potentialAction":[{"@type":"CommentAction","name":"Comment","target":["https:\/\/nossapauta.com.br\/index.php\/2026\/04\/30\/jeep-avenger-flagra-revela-detalhes-do-novo-visual-para-o-mercado-brasileiro\/#respond"]}]},{"@type":"WebPage","@id":"https:\/\/nossapauta.com.br\/index.php\/2026\/04\/30\/jeep-avenger-flagra-revela-detalhes-do-novo-visual-para-o-mercado-brasileiro\/","url":"https:\/\/nossapauta.com.br\/index.php\/2026\/04\/30\/jeep-avenger-flagra-revela-detalhes-do-novo-visual-para-o-mercado-brasileiro\/","name":"Jeep Avenger: Flagra revela detalhes do novo visual para o mercado brasileiro - Portal Nossa Pauta","isPartOf":{"@id":"https:\/\/nossapauta.com.br\/#website"},"primaryImageOfPage":{"@id":"https:\/\/nossapauta.com.br\/index.php\/2026\/04\/30\/jeep-avenger-flagra-revela-detalhes-do-novo-visual-para-o-mercado-brasileiro\/#primaryimage"},"image":{"@id":"https:\/\/nossapauta.com.br\/index.php\/2026\/04\/30\/jeep-avenger-flagra-revela-detalhes-do-novo-visual-para-o-mercado-brasileiro\/#primaryimage"},"thumbnailUrl":"https:\/\/nossapauta.com.br\/wp-content\/uploads\/2026\/04\/jeep-avenger.avif","datePublished":"2026-04-30T03:02:40+00:00","dateModified":"2026-04-30T03:02:42+00:00","breadcrumb":{"@id":"https:\/\/nossapauta.com.br\/index.php\/2026\/04\/30\/jeep-avenger-flagra-revela-detalhes-do-novo-visual-para-o-mercado-brasileiro\/#breadcrumb"},"inLanguage":"pt-BR","potentialAction":[{"@type":"ReadAction","target":["https:\/\/nossapauta.com.br\/index.php\/2026\/04\/30\/jeep-avenger-flagra-revela-detalhes-do-novo-visual-para-o-mercado-brasileiro\/"]}]},{"@type":"ImageObject","inLanguage":"pt-BR","@id":"https:\/\/nossapauta.com.br\/index.php\/2026\/04\/30\/jeep-avenger-flagra-revela-detalhes-do-novo-visual-para-o-mercado-brasileiro\/#primaryimage","url":"https:\/\/nossapauta.com.br\/wp-content\/uploads\/2026\/04\/jeep-avenger.avif","contentUrl":"https:\/\/nossapauta.com.br\/wp-content\/uploads\/2026\/04\/jeep-avenger.avif","width":888,"height":592},{"@type":"BreadcrumbList","@id":"https:\/\/nossapauta.com.br\/index.php\/2026\/04\/30\/jeep-avenger-flagra-revela-detalhes-do-novo-visual-para-o-mercado-brasileiro\/#breadcrumb","itemListElement":[{"@type":"ListItem","position":1,"name":"In\u00edcio","item":"https:\/\/nossapauta.com.br\/"},{"@type":"ListItem","position":2,"name":"Jeep Avenger: Flagra revela detalhes do novo visual para o mercado brasileiro"}]},{"@type":"WebSite","@id":"https:\/\/nossapauta.com.br\/#website","url":"https:\/\/nossapauta.com.br\/","name":"Nossa Pauta","description":"Seu Portal de not\u00edcias que te atualiza.","publisher":{"@id":"https:\/\/nossapauta.com.br\/#organization"},"alternateName":"Portal Nossa Pauta","potentialAction":[{"@type":"SearchAction","target":{"@type":"EntryPoint","urlTemplate":"https:\/\/nossapauta.com.br\/?s={search_term_string}"},"query-input":{"@type":"PropertyValueSpecification","valueRequired":true,"valueName":"search_term_string"}}],"inLanguage":"pt-BR"},{"@type":"Organization","@id":"https:\/\/nossapauta.com.br\/#organization","name":"Portal Nossa Pauta","url":"https:\/\/nossapauta.com.br\/","logo":{"@type":"ImageObject","inLanguage":"pt-BR","@id":"https:\/\/nossapauta.com.br\/#\/schema\/logo\/image\/","url":"https:\/\/nossapauta.com.br\/wp-content\/uploads\/2025\/10\/nossa_pauta_icone.png","contentUrl":"https:\/\/nossapauta.com.br\/wp-content\/uploads\/2025\/10\/nossa_pauta_icone.png","width":200,"height":186,"caption":"Portal Nossa Pauta"},"image":{"@id":"https:\/\/nossapauta.com.br\/#\/schema\/logo\/image\/"},"sameAs":["https:\/\/x.com\/NossaPautaNews","https:\/\/instagram.com\/nossa_pauta"]},{"@type":"Person","@id":"https:\/\/nossapauta.com.br\/#\/schema\/person\/8d625d7bb2dca8b87c9accaa7f07cb3b","name":"administrador","image":{"@type":"ImageObject","inLanguage":"pt-BR","@id":"https:\/\/secure.gravatar.com\/avatar\/fbbe7d38e3f8eaea7579cbbd44cf2e8a3a40dfd74b79cc3a0ed44f05b6832146?s=96&d=mm&r=g","url":"https:\/\/secure.gravatar.com\/avatar\/fbbe7d38e3f8eaea7579cbbd44cf2e8a3a40dfd74b79cc3a0ed44f05b6832146?s=96&d=mm&r=g","contentUrl":"https:\/\/secure.gravatar.com\/avatar\/fbbe7d38e3f8eaea7579cbbd44cf2e8a3a40dfd74b79cc3a0ed44f05b6832146?s=96&d=mm&r=g","caption":"administrador"},"sameAs":["http:\/\/localhost\/portal"],"url":"https:\/\/nossapauta.com.br\/index.php\/author\/administrador\/"}]}},"_links":{"self":[{"href":"https:\/\/nossapauta.com.br\/index.php\/wp-json\/wp\/v2\/posts\/2019","targetHints":{"allow":["GET"]}}],"collection":[{"href":"https:\/\/nossapauta.com.br\/index.php\/wp-json\/wp\/v2\/posts"}],"about":[{"href":"https:\/\/nossapauta.com.br\/index.php\/wp-json\/wp\/v2\/types\/post"}],"author":[{"embeddable":true,"href":"https:\/\/nossapauta.com.br\/index.php\/wp-json\/wp\/v2\/users\/1"}],"replies":[{"embeddable":true,"href":"https:\/\/nossapauta.com.br\/index.php\/wp-json\/wp\/v2\/comments?post=2019"}],"version-history":[{"count":1,"href":"https:\/\/nossapauta.com.br\/index.php\/wp-json\/wp\/v2\/posts\/2019\/revisions"}],"predecessor-version":[{"id":2021,"href":"https:\/\/nossapauta.com.br\/index.php\/wp-json\/wp\/v2\/posts\/2019\/revisions\/2021"}],"wp:featuredmedia":[{"embeddable":true,"href":"https:\/\/nossapauta.com.br\/index.php\/wp-json\/wp\/v2\/media\/2020"}],"wp:attachment":[{"href":"https:\/\/nossapauta.com.br\/index.php\/wp-json\/wp\/v2\/media?parent=2019"}],"wp:term":[{"taxonomy":"category","embeddable":true,"href":"https:\/\/nossapauta.com.br\/index.php\/wp-json\/wp\/v2\/categories?post=2019"},{"taxonomy":"post_tag","embeddable":true,"href":"https:\/\/nossapauta.com.br\/index.php\/wp-json\/wp\/v2\/tags?post=2019"}],"curies":[{"name":"wp","href":"https:\/\/api.w.org\/{rel}","templated":true}]}}