{"id":1998,"date":"2026-04-28T12:35:35","date_gmt":"2026-04-28T15:35:35","guid":{"rendered":"https:\/\/nossapauta.com.br\/?p=1998"},"modified":"2026-04-28T12:35:37","modified_gmt":"2026-04-28T15:35:37","slug":"delegado-da-policia-civil-e-encontrado-morto-dentro-de-casa-em-oeiras","status":"publish","type":"post","link":"https:\/\/nossapauta.com.br\/index.php\/2026\/04\/28\/delegado-da-policia-civil-e-encontrado-morto-dentro-de-casa-em-oeiras\/","title":{"rendered":"Delegado da Pol\u00edcia Civil \u00e9 encontrado morto dentro de casa em Oeiras"},"content":{"rendered":"\n<p>Um delegado da Pol\u00edcia Civil do Piau\u00ed foi encontrado sem vida na manh\u00e3 desta ter\u00e7a-feira (28), dentro de sua resid\u00eancia no munic\u00edpio de Oeiras. A ocorr\u00eancia mobilizou equipes da per\u00edcia criminal e agentes da pr\u00f3pria corpora\u00e7\u00e3o, que iniciaram os primeiros levantamentos ainda no local.<br>Identificado como Guilherme Tavares Escobar, o policial tinha 32 anos e estava em atividade recente na regi\u00e3o. As circunst\u00e2ncias da morte ainda n\u00e3o foram oficialmente esclarecidas, mas informa\u00e7\u00f5es preliminares apontam a presen\u00e7a de um ferimento por arma de fogo.<br>De acordo com apura\u00e7\u00f5es iniciais, a companheira do delegado tamb\u00e9m estava na resid\u00eancia no momento do ocorrido. O caso ser\u00e1 investigado para determinar a din\u00e2mica dos fatos, incluindo a possibilidade de causas acidentais ou intencionais.<br>Natural de Goi\u00e1s, Escobar construiu carreira na seguran\u00e7a p\u00fablica atuando em diferentes cidades piauienses, onde ganhou experi\u00eancia em investiga\u00e7\u00f5es e opera\u00e7\u00f5es policiais. A morte repentina causou forte repercuss\u00e3o entre colegas de profiss\u00e3o e autoridades locais.<br>Em nota, a Pol\u00edcia Civil do Piau\u00ed lamentou o falecimento e manifestou solidariedade aos familiares e amigos. A institui\u00e7\u00e3o tamb\u00e9m afirmou que acompanha o caso de perto at\u00e9 a conclus\u00e3o das investiga\u00e7\u00f5es.<br>O corpo foi encaminhado para exames periciais, que devem ajudar a esclarecer as causas da morte. At\u00e9 o momento, n\u00e3o h\u00e1 confirma\u00e7\u00e3o oficial sobre o que teria provocado o \u00f3bito.<\/p>\n","protected":false},"excerpt":{"rendered":"<p>Um delegado da Pol\u00edcia Civil do Piau\u00ed foi encontrado sem vida na manh\u00e3 desta ter\u00e7a-feira<\/p>\n","protected":false},"author":2,"featured_media":2000,"comment_status":"open","ping_status":"open","sticky":false,"template":"","format":"standard","meta":{"footnotes":""},"categories":[17,21],"tags":[],"class_list":["post-1998","post","type-post","status-publish","format-standard","has-post-thumbnail","hentry","category-destaques","category-policia"],"yoast_head":"<!-- This site is optimized with the Yoast SEO plugin v27.3 - https:\/\/yoast.com\/product\/yoast-seo-wordpress\/ -->\n<title>Delegado da Pol\u00edcia Civil \u00e9 encontrado morto dentro de casa em Oeiras - Portal Nossa Pauta<\/title>\n<meta name=\"robots\" content=\"index, follow, max-snippet:-1, max-image-preview:large, max-video-preview:-1\" \/>\n<link rel=\"canonical\" href=\"https:\/\/nossapauta.com.br\/index.php\/2026\/04\/28\/delegado-da-policia-civil-e-encontrado-morto-dentro-de-casa-em-oeiras\/\" \/>\n<meta property=\"og:locale\" content=\"pt_BR\" \/>\n<meta property=\"og:type\" content=\"article\" \/>\n<meta property=\"og:title\" content=\"Delegado da Pol\u00edcia Civil \u00e9 encontrado morto dentro de casa em Oeiras - Portal Nossa Pauta\" \/>\n<meta property=\"og:description\" content=\"Um delegado da Pol\u00edcia Civil do Piau\u00ed foi encontrado sem vida na manh\u00e3 desta ter\u00e7a-feira\" \/>\n<meta property=\"og:url\" content=\"https:\/\/nossapauta.com.br\/index.php\/2026\/04\/28\/delegado-da-policia-civil-e-encontrado-morto-dentro-de-casa-em-oeiras\/\" \/>\n<meta property=\"og:site_name\" content=\"Portal Nossa Pauta\" \/>\n<meta property=\"article:published_time\" content=\"2026-04-28T15:35:35+00:00\" \/>\n<meta property=\"article:modified_time\" content=\"2026-04-28T15:35:37+00:00\" \/>\n<meta property=\"og:image\" content=\"https:\/\/nossapauta.com.br\/wp-content\/uploads\/2026\/04\/delegado-guilherme-escobarnone.jpg.950x0_q95_crop-1.jpeg\" \/>\n\t<meta property=\"og:image:width\" content=\"746\" \/>\n\t<meta property=\"og:image:height\" content=\"531\" \/>\n\t<meta property=\"og:image:type\" content=\"image\/jpeg\" \/>\n<meta name=\"author\" content=\"Andr\u00e9 Mesquita\" \/>\n<meta name=\"twitter:card\" content=\"summary_large_image\" \/>\n<meta name=\"twitter:creator\" content=\"@NossaPautaNews\" \/>\n<meta name=\"twitter:site\" content=\"@NossaPautaNews\" \/>\n<meta name=\"twitter:label1\" content=\"Escrito por\" \/>\n\t<meta name=\"twitter:data1\" content=\"Andr\u00e9 Mesquita\" \/>\n\t<meta name=\"twitter:label2\" content=\"Est. tempo de leitura\" \/>\n\t<meta name=\"twitter:data2\" content=\"2 minutos\" \/>\n<script type=\"application\/ld+json\" class=\"yoast-schema-graph\">{\"@context\":\"https:\\\/\\\/schema.org\",\"@graph\":[{\"@type\":\"Article\",\"@id\":\"https:\\\/\\\/nossapauta.com.br\\\/index.php\\\/2026\\\/04\\\/28\\\/delegado-da-policia-civil-e-encontrado-morto-dentro-de-casa-em-oeiras\\\/#article\",\"isPartOf\":{\"@id\":\"https:\\\/\\\/nossapauta.com.br\\\/index.php\\\/2026\\\/04\\\/28\\\/delegado-da-policia-civil-e-encontrado-morto-dentro-de-casa-em-oeiras\\\/\"},\"author\":{\"name\":\"Andr\u00e9 Mesquita\",\"@id\":\"https:\\\/\\\/nossapauta.com.br\\\/#\\\/schema\\\/person\\\/d746bb0b099fa23efec4671408b19088\"},\"headline\":\"Delegado da Pol\u00edcia Civil \u00e9 encontrado morto dentro de casa em Oeiras\",\"datePublished\":\"2026-04-28T15:35:35+00:00\",\"dateModified\":\"2026-04-28T15:35:37+00:00\",\"mainEntityOfPage\":{\"@id\":\"https:\\\/\\\/nossapauta.com.br\\\/index.php\\\/2026\\\/04\\\/28\\\/delegado-da-policia-civil-e-encontrado-morto-dentro-de-casa-em-oeiras\\\/\"},\"wordCount\":257,\"commentCount\":0,\"publisher\":{\"@id\":\"https:\\\/\\\/nossapauta.com.br\\\/#organization\"},\"image\":{\"@id\":\"https:\\\/\\\/nossapauta.com.br\\\/index.php\\\/2026\\\/04\\\/28\\\/delegado-da-policia-civil-e-encontrado-morto-dentro-de-casa-em-oeiras\\\/#primaryimage\"},\"thumbnailUrl\":\"https:\\\/\\\/nossapauta.com.br\\\/wp-content\\\/uploads\\\/2026\\\/04\\\/delegado-guilherme-escobarnone.jpg.950x0_q95_crop-1.jpeg\",\"articleSection\":[\"Destaques\",\"Pol\u00edcia\"],\"inLanguage\":\"pt-BR\",\"potentialAction\":[{\"@type\":\"CommentAction\",\"name\":\"Comment\",\"target\":[\"https:\\\/\\\/nossapauta.com.br\\\/index.php\\\/2026\\\/04\\\/28\\\/delegado-da-policia-civil-e-encontrado-morto-dentro-de-casa-em-oeiras\\\/#respond\"]}]},{\"@type\":\"WebPage\",\"@id\":\"https:\\\/\\\/nossapauta.com.br\\\/index.php\\\/2026\\\/04\\\/28\\\/delegado-da-policia-civil-e-encontrado-morto-dentro-de-casa-em-oeiras\\\/\",\"url\":\"https:\\\/\\\/nossapauta.com.br\\\/index.php\\\/2026\\\/04\\\/28\\\/delegado-da-policia-civil-e-encontrado-morto-dentro-de-casa-em-oeiras\\\/\",\"name\":\"Delegado da Pol\u00edcia Civil \u00e9 encontrado morto dentro de casa em Oeiras - Portal Nossa Pauta\",\"isPartOf\":{\"@id\":\"https:\\\/\\\/nossapauta.com.br\\\/#website\"},\"primaryImageOfPage\":{\"@id\":\"https:\\\/\\\/nossapauta.com.br\\\/index.php\\\/2026\\\/04\\\/28\\\/delegado-da-policia-civil-e-encontrado-morto-dentro-de-casa-em-oeiras\\\/#primaryimage\"},\"image\":{\"@id\":\"https:\\\/\\\/nossapauta.com.br\\\/index.php\\\/2026\\\/04\\\/28\\\/delegado-da-policia-civil-e-encontrado-morto-dentro-de-casa-em-oeiras\\\/#primaryimage\"},\"thumbnailUrl\":\"https:\\\/\\\/nossapauta.com.br\\\/wp-content\\\/uploads\\\/2026\\\/04\\\/delegado-guilherme-escobarnone.jpg.950x0_q95_crop-1.jpeg\",\"datePublished\":\"2026-04-28T15:35:35+00:00\",\"dateModified\":\"2026-04-28T15:35:37+00:00\",\"breadcrumb\":{\"@id\":\"https:\\\/\\\/nossapauta.com.br\\\/index.php\\\/2026\\\/04\\\/28\\\/delegado-da-policia-civil-e-encontrado-morto-dentro-de-casa-em-oeiras\\\/#breadcrumb\"},\"inLanguage\":\"pt-BR\",\"potentialAction\":[{\"@type\":\"ReadAction\",\"target\":[\"https:\\\/\\\/nossapauta.com.br\\\/index.php\\\/2026\\\/04\\\/28\\\/delegado-da-policia-civil-e-encontrado-morto-dentro-de-casa-em-oeiras\\\/\"]}]},{\"@type\":\"ImageObject\",\"inLanguage\":\"pt-BR\",\"@id\":\"https:\\\/\\\/nossapauta.com.br\\\/index.php\\\/2026\\\/04\\\/28\\\/delegado-da-policia-civil-e-encontrado-morto-dentro-de-casa-em-oeiras\\\/#primaryimage\",\"url\":\"https:\\\/\\\/nossapauta.com.br\\\/wp-content\\\/uploads\\\/2026\\\/04\\\/delegado-guilherme-escobarnone.jpg.950x0_q95_crop-1.jpeg\",\"contentUrl\":\"https:\\\/\\\/nossapauta.com.br\\\/wp-content\\\/uploads\\\/2026\\\/04\\\/delegado-guilherme-escobarnone.jpg.950x0_q95_crop-1.jpeg\",\"width\":746,\"height\":531},{\"@type\":\"BreadcrumbList\",\"@id\":\"https:\\\/\\\/nossapauta.com.br\\\/index.php\\\/2026\\\/04\\\/28\\\/delegado-da-policia-civil-e-encontrado-morto-dentro-de-casa-em-oeiras\\\/#breadcrumb\",\"itemListElement\":[{\"@type\":\"ListItem\",\"position\":1,\"name\":\"In\u00edcio\",\"item\":\"https:\\\/\\\/nossapauta.com.br\\\/\"},{\"@type\":\"ListItem\",\"position\":2,\"name\":\"Delegado da Pol\u00edcia Civil \u00e9 encontrado morto dentro de casa em Oeiras\"}]},{\"@type\":\"WebSite\",\"@id\":\"https:\\\/\\\/nossapauta.com.br\\\/#website\",\"url\":\"https:\\\/\\\/nossapauta.com.br\\\/\",\"name\":\"Nossa Pauta\",\"description\":\"Seu Portal de not\u00edcias que te atualiza.\",\"publisher\":{\"@id\":\"https:\\\/\\\/nossapauta.com.br\\\/#organization\"},\"alternateName\":\"Portal Nossa Pauta\",\"potentialAction\":[{\"@type\":\"SearchAction\",\"target\":{\"@type\":\"EntryPoint\",\"urlTemplate\":\"https:\\\/\\\/nossapauta.com.br\\\/?s={search_term_string}\"},\"query-input\":{\"@type\":\"PropertyValueSpecification\",\"valueRequired\":true,\"valueName\":\"search_term_string\"}}],\"inLanguage\":\"pt-BR\"},{\"@type\":\"Organization\",\"@id\":\"https:\\\/\\\/nossapauta.com.br\\\/#organization\",\"name\":\"Portal Nossa Pauta\",\"url\":\"https:\\\/\\\/nossapauta.com.br\\\/\",\"logo\":{\"@type\":\"ImageObject\",\"inLanguage\":\"pt-BR\",\"@id\":\"https:\\\/\\\/nossapauta.com.br\\\/#\\\/schema\\\/logo\\\/image\\\/\",\"url\":\"https:\\\/\\\/nossapauta.com.br\\\/wp-content\\\/uploads\\\/2025\\\/10\\\/nossa_pauta_icone.png\",\"contentUrl\":\"https:\\\/\\\/nossapauta.com.br\\\/wp-content\\\/uploads\\\/2025\\\/10\\\/nossa_pauta_icone.png\",\"width\":200,\"height\":186,\"caption\":\"Portal Nossa Pauta\"},\"image\":{\"@id\":\"https:\\\/\\\/nossapauta.com.br\\\/#\\\/schema\\\/logo\\\/image\\\/\"},\"sameAs\":[\"https:\\\/\\\/x.com\\\/NossaPautaNews\",\"https:\\\/\\\/instagram.com\\\/nossa_pauta\"]},{\"@type\":\"Person\",\"@id\":\"https:\\\/\\\/nossapauta.com.br\\\/#\\\/schema\\\/person\\\/d746bb0b099fa23efec4671408b19088\",\"name\":\"Andr\u00e9 Mesquita\",\"image\":{\"@type\":\"ImageObject\",\"inLanguage\":\"pt-BR\",\"@id\":\"https:\\\/\\\/secure.gravatar.com\\\/avatar\\\/176a5646e67d1531cbf999621337619c32919d98f61cca6309822d3466db2a61?s=96&d=mm&r=g\",\"url\":\"https:\\\/\\\/secure.gravatar.com\\\/avatar\\\/176a5646e67d1531cbf999621337619c32919d98f61cca6309822d3466db2a61?s=96&d=mm&r=g\",\"contentUrl\":\"https:\\\/\\\/secure.gravatar.com\\\/avatar\\\/176a5646e67d1531cbf999621337619c32919d98f61cca6309822d3466db2a61?s=96&d=mm&r=g\",\"caption\":\"Andr\u00e9 Mesquita\"},\"url\":\"https:\\\/\\\/nossapauta.com.br\\\/index.php\\\/author\\\/andre\\\/\"}]}<\/script>\n<!-- \/ Yoast SEO plugin. -->","yoast_head_json":{"title":"Delegado da Pol\u00edcia Civil \u00e9 encontrado morto dentro de casa em Oeiras - Portal Nossa Pauta","robots":{"index":"index","follow":"follow","max-snippet":"max-snippet:-1","max-image-preview":"max-image-preview:large","max-video-preview":"max-video-preview:-1"},"canonical":"https:\/\/nossapauta.com.br\/index.php\/2026\/04\/28\/delegado-da-policia-civil-e-encontrado-morto-dentro-de-casa-em-oeiras\/","og_locale":"pt_BR","og_type":"article","og_title":"Delegado da Pol\u00edcia Civil \u00e9 encontrado morto dentro de casa em Oeiras - Portal Nossa Pauta","og_description":"Um delegado da Pol\u00edcia Civil do Piau\u00ed foi encontrado sem vida na manh\u00e3 desta ter\u00e7a-feira","og_url":"https:\/\/nossapauta.com.br\/index.php\/2026\/04\/28\/delegado-da-policia-civil-e-encontrado-morto-dentro-de-casa-em-oeiras\/","og_site_name":"Portal Nossa Pauta","article_published_time":"2026-04-28T15:35:35+00:00","article_modified_time":"2026-04-28T15:35:37+00:00","og_image":[{"width":746,"height":531,"url":"https:\/\/nossapauta.com.br\/wp-content\/uploads\/2026\/04\/delegado-guilherme-escobarnone.jpg.950x0_q95_crop-1.jpeg","type":"image\/jpeg"}],"author":"Andr\u00e9 Mesquita","twitter_card":"summary_large_image","twitter_creator":"@NossaPautaNews","twitter_site":"@NossaPautaNews","twitter_misc":{"Escrito por":"Andr\u00e9 Mesquita","Est. tempo de leitura":"2 minutos"},"schema":{"@context":"https:\/\/schema.org","@graph":[{"@type":"Article","@id":"https:\/\/nossapauta.com.br\/index.php\/2026\/04\/28\/delegado-da-policia-civil-e-encontrado-morto-dentro-de-casa-em-oeiras\/#article","isPartOf":{"@id":"https:\/\/nossapauta.com.br\/index.php\/2026\/04\/28\/delegado-da-policia-civil-e-encontrado-morto-dentro-de-casa-em-oeiras\/"},"author":{"name":"Andr\u00e9 Mesquita","@id":"https:\/\/nossapauta.com.br\/#\/schema\/person\/d746bb0b099fa23efec4671408b19088"},"headline":"Delegado da Pol\u00edcia Civil \u00e9 encontrado morto dentro de casa em Oeiras","datePublished":"2026-04-28T15:35:35+00:00","dateModified":"2026-04-28T15:35:37+00:00","mainEntityOfPage":{"@id":"https:\/\/nossapauta.com.br\/index.php\/2026\/04\/28\/delegado-da-policia-civil-e-encontrado-morto-dentro-de-casa-em-oeiras\/"},"wordCount":257,"commentCount":0,"publisher":{"@id":"https:\/\/nossapauta.com.br\/#organization"},"image":{"@id":"https:\/\/nossapauta.com.br\/index.php\/2026\/04\/28\/delegado-da-policia-civil-e-encontrado-morto-dentro-de-casa-em-oeiras\/#primaryimage"},"thumbnailUrl":"https:\/\/nossapauta.com.br\/wp-content\/uploads\/2026\/04\/delegado-guilherme-escobarnone.jpg.950x0_q95_crop-1.jpeg","articleSection":["Destaques","Pol\u00edcia"],"inLanguage":"pt-BR","potentialAction":[{"@type":"CommentAction","name":"Comment","target":["https:\/\/nossapauta.com.br\/index.php\/2026\/04\/28\/delegado-da-policia-civil-e-encontrado-morto-dentro-de-casa-em-oeiras\/#respond"]}]},{"@type":"WebPage","@id":"https:\/\/nossapauta.com.br\/index.php\/2026\/04\/28\/delegado-da-policia-civil-e-encontrado-morto-dentro-de-casa-em-oeiras\/","url":"https:\/\/nossapauta.com.br\/index.php\/2026\/04\/28\/delegado-da-policia-civil-e-encontrado-morto-dentro-de-casa-em-oeiras\/","name":"Delegado da Pol\u00edcia Civil \u00e9 encontrado morto dentro de casa em Oeiras - Portal Nossa Pauta","isPartOf":{"@id":"https:\/\/nossapauta.com.br\/#website"},"primaryImageOfPage":{"@id":"https:\/\/nossapauta.com.br\/index.php\/2026\/04\/28\/delegado-da-policia-civil-e-encontrado-morto-dentro-de-casa-em-oeiras\/#primaryimage"},"image":{"@id":"https:\/\/nossapauta.com.br\/index.php\/2026\/04\/28\/delegado-da-policia-civil-e-encontrado-morto-dentro-de-casa-em-oeiras\/#primaryimage"},"thumbnailUrl":"https:\/\/nossapauta.com.br\/wp-content\/uploads\/2026\/04\/delegado-guilherme-escobarnone.jpg.950x0_q95_crop-1.jpeg","datePublished":"2026-04-28T15:35:35+00:00","dateModified":"2026-04-28T15:35:37+00:00","breadcrumb":{"@id":"https:\/\/nossapauta.com.br\/index.php\/2026\/04\/28\/delegado-da-policia-civil-e-encontrado-morto-dentro-de-casa-em-oeiras\/#breadcrumb"},"inLanguage":"pt-BR","potentialAction":[{"@type":"ReadAction","target":["https:\/\/nossapauta.com.br\/index.php\/2026\/04\/28\/delegado-da-policia-civil-e-encontrado-morto-dentro-de-casa-em-oeiras\/"]}]},{"@type":"ImageObject","inLanguage":"pt-BR","@id":"https:\/\/nossapauta.com.br\/index.php\/2026\/04\/28\/delegado-da-policia-civil-e-encontrado-morto-dentro-de-casa-em-oeiras\/#primaryimage","url":"https:\/\/nossapauta.com.br\/wp-content\/uploads\/2026\/04\/delegado-guilherme-escobarnone.jpg.950x0_q95_crop-1.jpeg","contentUrl":"https:\/\/nossapauta.com.br\/wp-content\/uploads\/2026\/04\/delegado-guilherme-escobarnone.jpg.950x0_q95_crop-1.jpeg","width":746,"height":531},{"@type":"BreadcrumbList","@id":"https:\/\/nossapauta.com.br\/index.php\/2026\/04\/28\/delegado-da-policia-civil-e-encontrado-morto-dentro-de-casa-em-oeiras\/#breadcrumb","itemListElement":[{"@type":"ListItem","position":1,"name":"In\u00edcio","item":"https:\/\/nossapauta.com.br\/"},{"@type":"ListItem","position":2,"name":"Delegado da Pol\u00edcia Civil \u00e9 encontrado morto dentro de casa em Oeiras"}]},{"@type":"WebSite","@id":"https:\/\/nossapauta.com.br\/#website","url":"https:\/\/nossapauta.com.br\/","name":"Nossa Pauta","description":"Seu Portal de not\u00edcias que te atualiza.","publisher":{"@id":"https:\/\/nossapauta.com.br\/#organization"},"alternateName":"Portal Nossa Pauta","potentialAction":[{"@type":"SearchAction","target":{"@type":"EntryPoint","urlTemplate":"https:\/\/nossapauta.com.br\/?s={search_term_string}"},"query-input":{"@type":"PropertyValueSpecification","valueRequired":true,"valueName":"search_term_string"}}],"inLanguage":"pt-BR"},{"@type":"Organization","@id":"https:\/\/nossapauta.com.br\/#organization","name":"Portal Nossa Pauta","url":"https:\/\/nossapauta.com.br\/","logo":{"@type":"ImageObject","inLanguage":"pt-BR","@id":"https:\/\/nossapauta.com.br\/#\/schema\/logo\/image\/","url":"https:\/\/nossapauta.com.br\/wp-content\/uploads\/2025\/10\/nossa_pauta_icone.png","contentUrl":"https:\/\/nossapauta.com.br\/wp-content\/uploads\/2025\/10\/nossa_pauta_icone.png","width":200,"height":186,"caption":"Portal Nossa Pauta"},"image":{"@id":"https:\/\/nossapauta.com.br\/#\/schema\/logo\/image\/"},"sameAs":["https:\/\/x.com\/NossaPautaNews","https:\/\/instagram.com\/nossa_pauta"]},{"@type":"Person","@id":"https:\/\/nossapauta.com.br\/#\/schema\/person\/d746bb0b099fa23efec4671408b19088","name":"Andr\u00e9 Mesquita","image":{"@type":"ImageObject","inLanguage":"pt-BR","@id":"https:\/\/secure.gravatar.com\/avatar\/176a5646e67d1531cbf999621337619c32919d98f61cca6309822d3466db2a61?s=96&d=mm&r=g","url":"https:\/\/secure.gravatar.com\/avatar\/176a5646e67d1531cbf999621337619c32919d98f61cca6309822d3466db2a61?s=96&d=mm&r=g","contentUrl":"https:\/\/secure.gravatar.com\/avatar\/176a5646e67d1531cbf999621337619c32919d98f61cca6309822d3466db2a61?s=96&d=mm&r=g","caption":"Andr\u00e9 Mesquita"},"url":"https:\/\/nossapauta.com.br\/index.php\/author\/andre\/"}]}},"_links":{"self":[{"href":"https:\/\/nossapauta.com.br\/index.php\/wp-json\/wp\/v2\/posts\/1998","targetHints":{"allow":["GET"]}}],"collection":[{"href":"https:\/\/nossapauta.com.br\/index.php\/wp-json\/wp\/v2\/posts"}],"about":[{"href":"https:\/\/nossapauta.com.br\/index.php\/wp-json\/wp\/v2\/types\/post"}],"author":[{"embeddable":true,"href":"https:\/\/nossapauta.com.br\/index.php\/wp-json\/wp\/v2\/users\/2"}],"replies":[{"embeddable":true,"href":"https:\/\/nossapauta.com.br\/index.php\/wp-json\/wp\/v2\/comments?post=1998"}],"version-history":[{"count":1,"href":"https:\/\/nossapauta.com.br\/index.php\/wp-json\/wp\/v2\/posts\/1998\/revisions"}],"predecessor-version":[{"id":2001,"href":"https:\/\/nossapauta.com.br\/index.php\/wp-json\/wp\/v2\/posts\/1998\/revisions\/2001"}],"wp:featuredmedia":[{"embeddable":true,"href":"https:\/\/nossapauta.com.br\/index.php\/wp-json\/wp\/v2\/media\/2000"}],"wp:attachment":[{"href":"https:\/\/nossapauta.com.br\/index.php\/wp-json\/wp\/v2\/media?parent=1998"}],"wp:term":[{"taxonomy":"category","embeddable":true,"href":"https:\/\/nossapauta.com.br\/index.php\/wp-json\/wp\/v2\/categories?post=1998"},{"taxonomy":"post_tag","embeddable":true,"href":"https:\/\/nossapauta.com.br\/index.php\/wp-json\/wp\/v2\/tags?post=1998"}],"curies":[{"name":"wp","href":"https:\/\/api.w.org\/{rel}","templated":true}]}}