{"id":1993,"date":"2026-04-26T10:47:28","date_gmt":"2026-04-26T13:47:28","guid":{"rendered":"https:\/\/nossapauta.com.br\/?p=1993"},"modified":"2026-04-26T10:47:30","modified_gmt":"2026-04-26T13:47:30","slug":"tiros-em-evento-com-donald-trump-provocam-evacuacao-e-reforco-de-seguranca-em-washington","status":"publish","type":"post","link":"https:\/\/nossapauta.com.br\/index.php\/2026\/04\/26\/tiros-em-evento-com-donald-trump-provocam-evacuacao-e-reforco-de-seguranca-em-washington\/","title":{"rendered":"Tiros em evento com Donald Trump provocam evacua\u00e7\u00e3o e refor\u00e7o de seguran\u00e7a em Washington"},"content":{"rendered":"\n<p>Um epis\u00f3dio de viol\u00eancia interrompeu, na noite deste s\u00e1bado (26), a realiza\u00e7\u00e3o de um tradicional evento pol\u00edtico em Washington, nos Estados Unidos. Disparos de arma de fogo nas proximidades do local onde ocorria o jantar da Associa\u00e7\u00e3o de Correspondentes da Casa Branca levaram agentes do Servi\u00e7o Secreto a retirar \u00e0s pressas o presidente Donald Trump, que participava da cerim\u00f4nia.<br>De acordo com informa\u00e7\u00f5es preliminares das autoridades, o suspeito abriu fogo pr\u00f3ximo a um dos pontos de controle de acesso ao evento. A a\u00e7\u00e3o gerou p\u00e2nico moment\u00e2neo entre convidados e jornalistas, enquanto equipes de seguran\u00e7a agiam para conter a amea\u00e7a e garantir a prote\u00e7\u00e3o das autoridades presentes.<br>O atirador foi rapidamente neutralizado e detido no local. Durante a ocorr\u00eancia, um agente de seguran\u00e7a chegou a ser atingido, mas n\u00e3o sofreu ferimentos graves gra\u00e7as ao uso de colete bal\u00edstico. N\u00e3o h\u00e1 registro de v\u00edtimas fatais.<br>Donald Trump n\u00e3o se feriu e foi encaminhado a um local seguro logo ap\u00f3s o in\u00edcio da confus\u00e3o. Em declara\u00e7\u00f5es iniciais, o presidente indicou que o ataque pode ter sido direcionado, mas as circunst\u00e2ncias ainda s\u00e3o apuradas.<br>As investiga\u00e7\u00f5es seguem em andamento para esclarecer a motiva\u00e7\u00e3o do crime e se houve algum tipo de planejamento pr\u00e9vio. At\u00e9 o momento, a hip\u00f3tese inicial \u00e9 de que o suspeito tenha agido sozinho.<br>O incidente refor\u00e7a o clima de tens\u00e3o em torno da seguran\u00e7a de autoridades nos Estados Unidos e deve provocar uma revis\u00e3o nos protocolos adotados em eventos de grande porte na capital americana.<\/p>\n","protected":false},"excerpt":{"rendered":"<p>Um epis\u00f3dio de viol\u00eancia interrompeu, na noite deste s\u00e1bado (26), a realiza\u00e7\u00e3o de um tradicional<\/p>\n","protected":false},"author":2,"featured_media":1994,"comment_status":"open","ping_status":"open","sticky":false,"template":"","format":"standard","meta":{"footnotes":""},"categories":[17,13],"tags":[],"class_list":["post-1993","post","type-post","status-publish","format-standard","has-post-thumbnail","hentry","category-destaques","category-noticias"],"yoast_head":"<!-- This site is optimized with the Yoast SEO plugin v27.3 - https:\/\/yoast.com\/product\/yoast-seo-wordpress\/ -->\n<title>Tiros em evento com Donald Trump provocam evacua\u00e7\u00e3o e refor\u00e7o de seguran\u00e7a em Washington - Portal Nossa Pauta<\/title>\n<meta name=\"robots\" content=\"index, follow, max-snippet:-1, max-image-preview:large, max-video-preview:-1\" \/>\n<link rel=\"canonical\" href=\"https:\/\/nossapauta.com.br\/index.php\/2026\/04\/26\/tiros-em-evento-com-donald-trump-provocam-evacuacao-e-reforco-de-seguranca-em-washington\/\" \/>\n<meta property=\"og:locale\" content=\"pt_BR\" \/>\n<meta property=\"og:type\" content=\"article\" \/>\n<meta property=\"og:title\" content=\"Tiros em evento com Donald Trump provocam evacua\u00e7\u00e3o e refor\u00e7o de seguran\u00e7a em Washington - Portal Nossa Pauta\" \/>\n<meta property=\"og:description\" content=\"Um epis\u00f3dio de viol\u00eancia interrompeu, na noite deste s\u00e1bado (26), a realiza\u00e7\u00e3o de um tradicional\" \/>\n<meta property=\"og:url\" content=\"https:\/\/nossapauta.com.br\/index.php\/2026\/04\/26\/tiros-em-evento-com-donald-trump-provocam-evacuacao-e-reforco-de-seguranca-em-washington\/\" \/>\n<meta property=\"og:site_name\" content=\"Portal Nossa Pauta\" \/>\n<meta property=\"article:published_time\" content=\"2026-04-26T13:47:28+00:00\" \/>\n<meta property=\"article:modified_time\" content=\"2026-04-26T13:47:30+00:00\" \/>\n<meta property=\"og:image\" content=\"https:\/\/nossapauta.com.br\/wp-content\/uploads\/2026\/04\/da949d00-4114-11f1-b444-51ad07313543.jpg.jpeg\" \/>\n\t<meta property=\"og:image:width\" content=\"800\" \/>\n\t<meta property=\"og:image:height\" content=\"450\" \/>\n\t<meta property=\"og:image:type\" content=\"image\/jpeg\" \/>\n<meta name=\"author\" content=\"Andr\u00e9 Mesquita\" \/>\n<meta name=\"twitter:card\" content=\"summary_large_image\" \/>\n<meta name=\"twitter:creator\" content=\"@NossaPautaNews\" \/>\n<meta name=\"twitter:site\" content=\"@NossaPautaNews\" \/>\n<meta name=\"twitter:label1\" content=\"Escrito por\" \/>\n\t<meta name=\"twitter:data1\" content=\"Andr\u00e9 Mesquita\" \/>\n\t<meta name=\"twitter:label2\" content=\"Est. tempo de leitura\" \/>\n\t<meta name=\"twitter:data2\" content=\"2 minutos\" \/>\n<script type=\"application\/ld+json\" class=\"yoast-schema-graph\">{\"@context\":\"https:\\\/\\\/schema.org\",\"@graph\":[{\"@type\":\"Article\",\"@id\":\"https:\\\/\\\/nossapauta.com.br\\\/index.php\\\/2026\\\/04\\\/26\\\/tiros-em-evento-com-donald-trump-provocam-evacuacao-e-reforco-de-seguranca-em-washington\\\/#article\",\"isPartOf\":{\"@id\":\"https:\\\/\\\/nossapauta.com.br\\\/index.php\\\/2026\\\/04\\\/26\\\/tiros-em-evento-com-donald-trump-provocam-evacuacao-e-reforco-de-seguranca-em-washington\\\/\"},\"author\":{\"name\":\"Andr\u00e9 Mesquita\",\"@id\":\"https:\\\/\\\/nossapauta.com.br\\\/#\\\/schema\\\/person\\\/d746bb0b099fa23efec4671408b19088\"},\"headline\":\"Tiros em evento com Donald Trump provocam evacua\u00e7\u00e3o e refor\u00e7o de seguran\u00e7a em Washington\",\"datePublished\":\"2026-04-26T13:47:28+00:00\",\"dateModified\":\"2026-04-26T13:47:30+00:00\",\"mainEntityOfPage\":{\"@id\":\"https:\\\/\\\/nossapauta.com.br\\\/index.php\\\/2026\\\/04\\\/26\\\/tiros-em-evento-com-donald-trump-provocam-evacuacao-e-reforco-de-seguranca-em-washington\\\/\"},\"wordCount\":298,\"commentCount\":0,\"publisher\":{\"@id\":\"https:\\\/\\\/nossapauta.com.br\\\/#organization\"},\"image\":{\"@id\":\"https:\\\/\\\/nossapauta.com.br\\\/index.php\\\/2026\\\/04\\\/26\\\/tiros-em-evento-com-donald-trump-provocam-evacuacao-e-reforco-de-seguranca-em-washington\\\/#primaryimage\"},\"thumbnailUrl\":\"https:\\\/\\\/nossapauta.com.br\\\/wp-content\\\/uploads\\\/2026\\\/04\\\/da949d00-4114-11f1-b444-51ad07313543.jpg.jpeg\",\"articleSection\":[\"Destaques\",\"Not\u00edcias\"],\"inLanguage\":\"pt-BR\",\"potentialAction\":[{\"@type\":\"CommentAction\",\"name\":\"Comment\",\"target\":[\"https:\\\/\\\/nossapauta.com.br\\\/index.php\\\/2026\\\/04\\\/26\\\/tiros-em-evento-com-donald-trump-provocam-evacuacao-e-reforco-de-seguranca-em-washington\\\/#respond\"]}]},{\"@type\":\"WebPage\",\"@id\":\"https:\\\/\\\/nossapauta.com.br\\\/index.php\\\/2026\\\/04\\\/26\\\/tiros-em-evento-com-donald-trump-provocam-evacuacao-e-reforco-de-seguranca-em-washington\\\/\",\"url\":\"https:\\\/\\\/nossapauta.com.br\\\/index.php\\\/2026\\\/04\\\/26\\\/tiros-em-evento-com-donald-trump-provocam-evacuacao-e-reforco-de-seguranca-em-washington\\\/\",\"name\":\"Tiros em evento com Donald Trump provocam evacua\u00e7\u00e3o e refor\u00e7o de seguran\u00e7a em Washington - Portal Nossa Pauta\",\"isPartOf\":{\"@id\":\"https:\\\/\\\/nossapauta.com.br\\\/#website\"},\"primaryImageOfPage\":{\"@id\":\"https:\\\/\\\/nossapauta.com.br\\\/index.php\\\/2026\\\/04\\\/26\\\/tiros-em-evento-com-donald-trump-provocam-evacuacao-e-reforco-de-seguranca-em-washington\\\/#primaryimage\"},\"image\":{\"@id\":\"https:\\\/\\\/nossapauta.com.br\\\/index.php\\\/2026\\\/04\\\/26\\\/tiros-em-evento-com-donald-trump-provocam-evacuacao-e-reforco-de-seguranca-em-washington\\\/#primaryimage\"},\"thumbnailUrl\":\"https:\\\/\\\/nossapauta.com.br\\\/wp-content\\\/uploads\\\/2026\\\/04\\\/da949d00-4114-11f1-b444-51ad07313543.jpg.jpeg\",\"datePublished\":\"2026-04-26T13:47:28+00:00\",\"dateModified\":\"2026-04-26T13:47:30+00:00\",\"breadcrumb\":{\"@id\":\"https:\\\/\\\/nossapauta.com.br\\\/index.php\\\/2026\\\/04\\\/26\\\/tiros-em-evento-com-donald-trump-provocam-evacuacao-e-reforco-de-seguranca-em-washington\\\/#breadcrumb\"},\"inLanguage\":\"pt-BR\",\"potentialAction\":[{\"@type\":\"ReadAction\",\"target\":[\"https:\\\/\\\/nossapauta.com.br\\\/index.php\\\/2026\\\/04\\\/26\\\/tiros-em-evento-com-donald-trump-provocam-evacuacao-e-reforco-de-seguranca-em-washington\\\/\"]}]},{\"@type\":\"ImageObject\",\"inLanguage\":\"pt-BR\",\"@id\":\"https:\\\/\\\/nossapauta.com.br\\\/index.php\\\/2026\\\/04\\\/26\\\/tiros-em-evento-com-donald-trump-provocam-evacuacao-e-reforco-de-seguranca-em-washington\\\/#primaryimage\",\"url\":\"https:\\\/\\\/nossapauta.com.br\\\/wp-content\\\/uploads\\\/2026\\\/04\\\/da949d00-4114-11f1-b444-51ad07313543.jpg.jpeg\",\"contentUrl\":\"https:\\\/\\\/nossapauta.com.br\\\/wp-content\\\/uploads\\\/2026\\\/04\\\/da949d00-4114-11f1-b444-51ad07313543.jpg.jpeg\",\"width\":800,\"height\":450},{\"@type\":\"BreadcrumbList\",\"@id\":\"https:\\\/\\\/nossapauta.com.br\\\/index.php\\\/2026\\\/04\\\/26\\\/tiros-em-evento-com-donald-trump-provocam-evacuacao-e-reforco-de-seguranca-em-washington\\\/#breadcrumb\",\"itemListElement\":[{\"@type\":\"ListItem\",\"position\":1,\"name\":\"In\u00edcio\",\"item\":\"https:\\\/\\\/nossapauta.com.br\\\/\"},{\"@type\":\"ListItem\",\"position\":2,\"name\":\"Tiros em evento com Donald Trump provocam evacua\u00e7\u00e3o e refor\u00e7o de seguran\u00e7a em Washington\"}]},{\"@type\":\"WebSite\",\"@id\":\"https:\\\/\\\/nossapauta.com.br\\\/#website\",\"url\":\"https:\\\/\\\/nossapauta.com.br\\\/\",\"name\":\"Nossa Pauta\",\"description\":\"Seu Portal de not\u00edcias que te atualiza.\",\"publisher\":{\"@id\":\"https:\\\/\\\/nossapauta.com.br\\\/#organization\"},\"alternateName\":\"Portal Nossa Pauta\",\"potentialAction\":[{\"@type\":\"SearchAction\",\"target\":{\"@type\":\"EntryPoint\",\"urlTemplate\":\"https:\\\/\\\/nossapauta.com.br\\\/?s={search_term_string}\"},\"query-input\":{\"@type\":\"PropertyValueSpecification\",\"valueRequired\":true,\"valueName\":\"search_term_string\"}}],\"inLanguage\":\"pt-BR\"},{\"@type\":\"Organization\",\"@id\":\"https:\\\/\\\/nossapauta.com.br\\\/#organization\",\"name\":\"Portal Nossa Pauta\",\"url\":\"https:\\\/\\\/nossapauta.com.br\\\/\",\"logo\":{\"@type\":\"ImageObject\",\"inLanguage\":\"pt-BR\",\"@id\":\"https:\\\/\\\/nossapauta.com.br\\\/#\\\/schema\\\/logo\\\/image\\\/\",\"url\":\"https:\\\/\\\/nossapauta.com.br\\\/wp-content\\\/uploads\\\/2025\\\/10\\\/nossa_pauta_icone.png\",\"contentUrl\":\"https:\\\/\\\/nossapauta.com.br\\\/wp-content\\\/uploads\\\/2025\\\/10\\\/nossa_pauta_icone.png\",\"width\":200,\"height\":186,\"caption\":\"Portal Nossa Pauta\"},\"image\":{\"@id\":\"https:\\\/\\\/nossapauta.com.br\\\/#\\\/schema\\\/logo\\\/image\\\/\"},\"sameAs\":[\"https:\\\/\\\/x.com\\\/NossaPautaNews\",\"https:\\\/\\\/instagram.com\\\/nossa_pauta\"]},{\"@type\":\"Person\",\"@id\":\"https:\\\/\\\/nossapauta.com.br\\\/#\\\/schema\\\/person\\\/d746bb0b099fa23efec4671408b19088\",\"name\":\"Andr\u00e9 Mesquita\",\"image\":{\"@type\":\"ImageObject\",\"inLanguage\":\"pt-BR\",\"@id\":\"https:\\\/\\\/secure.gravatar.com\\\/avatar\\\/176a5646e67d1531cbf999621337619c32919d98f61cca6309822d3466db2a61?s=96&d=mm&r=g\",\"url\":\"https:\\\/\\\/secure.gravatar.com\\\/avatar\\\/176a5646e67d1531cbf999621337619c32919d98f61cca6309822d3466db2a61?s=96&d=mm&r=g\",\"contentUrl\":\"https:\\\/\\\/secure.gravatar.com\\\/avatar\\\/176a5646e67d1531cbf999621337619c32919d98f61cca6309822d3466db2a61?s=96&d=mm&r=g\",\"caption\":\"Andr\u00e9 Mesquita\"},\"url\":\"https:\\\/\\\/nossapauta.com.br\\\/index.php\\\/author\\\/andre\\\/\"}]}<\/script>\n<!-- \/ Yoast SEO plugin. -->","yoast_head_json":{"title":"Tiros em evento com Donald Trump provocam evacua\u00e7\u00e3o e refor\u00e7o de seguran\u00e7a em Washington - Portal Nossa Pauta","robots":{"index":"index","follow":"follow","max-snippet":"max-snippet:-1","max-image-preview":"max-image-preview:large","max-video-preview":"max-video-preview:-1"},"canonical":"https:\/\/nossapauta.com.br\/index.php\/2026\/04\/26\/tiros-em-evento-com-donald-trump-provocam-evacuacao-e-reforco-de-seguranca-em-washington\/","og_locale":"pt_BR","og_type":"article","og_title":"Tiros em evento com Donald Trump provocam evacua\u00e7\u00e3o e refor\u00e7o de seguran\u00e7a em Washington - Portal Nossa Pauta","og_description":"Um epis\u00f3dio de viol\u00eancia interrompeu, na noite deste s\u00e1bado (26), a realiza\u00e7\u00e3o de um tradicional","og_url":"https:\/\/nossapauta.com.br\/index.php\/2026\/04\/26\/tiros-em-evento-com-donald-trump-provocam-evacuacao-e-reforco-de-seguranca-em-washington\/","og_site_name":"Portal Nossa Pauta","article_published_time":"2026-04-26T13:47:28+00:00","article_modified_time":"2026-04-26T13:47:30+00:00","og_image":[{"width":800,"height":450,"url":"https:\/\/nossapauta.com.br\/wp-content\/uploads\/2026\/04\/da949d00-4114-11f1-b444-51ad07313543.jpg.jpeg","type":"image\/jpeg"}],"author":"Andr\u00e9 Mesquita","twitter_card":"summary_large_image","twitter_creator":"@NossaPautaNews","twitter_site":"@NossaPautaNews","twitter_misc":{"Escrito por":"Andr\u00e9 Mesquita","Est. tempo de leitura":"2 minutos"},"schema":{"@context":"https:\/\/schema.org","@graph":[{"@type":"Article","@id":"https:\/\/nossapauta.com.br\/index.php\/2026\/04\/26\/tiros-em-evento-com-donald-trump-provocam-evacuacao-e-reforco-de-seguranca-em-washington\/#article","isPartOf":{"@id":"https:\/\/nossapauta.com.br\/index.php\/2026\/04\/26\/tiros-em-evento-com-donald-trump-provocam-evacuacao-e-reforco-de-seguranca-em-washington\/"},"author":{"name":"Andr\u00e9 Mesquita","@id":"https:\/\/nossapauta.com.br\/#\/schema\/person\/d746bb0b099fa23efec4671408b19088"},"headline":"Tiros em evento com Donald Trump provocam evacua\u00e7\u00e3o e refor\u00e7o de seguran\u00e7a em Washington","datePublished":"2026-04-26T13:47:28+00:00","dateModified":"2026-04-26T13:47:30+00:00","mainEntityOfPage":{"@id":"https:\/\/nossapauta.com.br\/index.php\/2026\/04\/26\/tiros-em-evento-com-donald-trump-provocam-evacuacao-e-reforco-de-seguranca-em-washington\/"},"wordCount":298,"commentCount":0,"publisher":{"@id":"https:\/\/nossapauta.com.br\/#organization"},"image":{"@id":"https:\/\/nossapauta.com.br\/index.php\/2026\/04\/26\/tiros-em-evento-com-donald-trump-provocam-evacuacao-e-reforco-de-seguranca-em-washington\/#primaryimage"},"thumbnailUrl":"https:\/\/nossapauta.com.br\/wp-content\/uploads\/2026\/04\/da949d00-4114-11f1-b444-51ad07313543.jpg.jpeg","articleSection":["Destaques","Not\u00edcias"],"inLanguage":"pt-BR","potentialAction":[{"@type":"CommentAction","name":"Comment","target":["https:\/\/nossapauta.com.br\/index.php\/2026\/04\/26\/tiros-em-evento-com-donald-trump-provocam-evacuacao-e-reforco-de-seguranca-em-washington\/#respond"]}]},{"@type":"WebPage","@id":"https:\/\/nossapauta.com.br\/index.php\/2026\/04\/26\/tiros-em-evento-com-donald-trump-provocam-evacuacao-e-reforco-de-seguranca-em-washington\/","url":"https:\/\/nossapauta.com.br\/index.php\/2026\/04\/26\/tiros-em-evento-com-donald-trump-provocam-evacuacao-e-reforco-de-seguranca-em-washington\/","name":"Tiros em evento com Donald Trump provocam evacua\u00e7\u00e3o e refor\u00e7o de seguran\u00e7a em Washington - Portal Nossa Pauta","isPartOf":{"@id":"https:\/\/nossapauta.com.br\/#website"},"primaryImageOfPage":{"@id":"https:\/\/nossapauta.com.br\/index.php\/2026\/04\/26\/tiros-em-evento-com-donald-trump-provocam-evacuacao-e-reforco-de-seguranca-em-washington\/#primaryimage"},"image":{"@id":"https:\/\/nossapauta.com.br\/index.php\/2026\/04\/26\/tiros-em-evento-com-donald-trump-provocam-evacuacao-e-reforco-de-seguranca-em-washington\/#primaryimage"},"thumbnailUrl":"https:\/\/nossapauta.com.br\/wp-content\/uploads\/2026\/04\/da949d00-4114-11f1-b444-51ad07313543.jpg.jpeg","datePublished":"2026-04-26T13:47:28+00:00","dateModified":"2026-04-26T13:47:30+00:00","breadcrumb":{"@id":"https:\/\/nossapauta.com.br\/index.php\/2026\/04\/26\/tiros-em-evento-com-donald-trump-provocam-evacuacao-e-reforco-de-seguranca-em-washington\/#breadcrumb"},"inLanguage":"pt-BR","potentialAction":[{"@type":"ReadAction","target":["https:\/\/nossapauta.com.br\/index.php\/2026\/04\/26\/tiros-em-evento-com-donald-trump-provocam-evacuacao-e-reforco-de-seguranca-em-washington\/"]}]},{"@type":"ImageObject","inLanguage":"pt-BR","@id":"https:\/\/nossapauta.com.br\/index.php\/2026\/04\/26\/tiros-em-evento-com-donald-trump-provocam-evacuacao-e-reforco-de-seguranca-em-washington\/#primaryimage","url":"https:\/\/nossapauta.com.br\/wp-content\/uploads\/2026\/04\/da949d00-4114-11f1-b444-51ad07313543.jpg.jpeg","contentUrl":"https:\/\/nossapauta.com.br\/wp-content\/uploads\/2026\/04\/da949d00-4114-11f1-b444-51ad07313543.jpg.jpeg","width":800,"height":450},{"@type":"BreadcrumbList","@id":"https:\/\/nossapauta.com.br\/index.php\/2026\/04\/26\/tiros-em-evento-com-donald-trump-provocam-evacuacao-e-reforco-de-seguranca-em-washington\/#breadcrumb","itemListElement":[{"@type":"ListItem","position":1,"name":"In\u00edcio","item":"https:\/\/nossapauta.com.br\/"},{"@type":"ListItem","position":2,"name":"Tiros em evento com Donald Trump provocam evacua\u00e7\u00e3o e refor\u00e7o de seguran\u00e7a em Washington"}]},{"@type":"WebSite","@id":"https:\/\/nossapauta.com.br\/#website","url":"https:\/\/nossapauta.com.br\/","name":"Nossa Pauta","description":"Seu Portal de not\u00edcias que te atualiza.","publisher":{"@id":"https:\/\/nossapauta.com.br\/#organization"},"alternateName":"Portal Nossa Pauta","potentialAction":[{"@type":"SearchAction","target":{"@type":"EntryPoint","urlTemplate":"https:\/\/nossapauta.com.br\/?s={search_term_string}"},"query-input":{"@type":"PropertyValueSpecification","valueRequired":true,"valueName":"search_term_string"}}],"inLanguage":"pt-BR"},{"@type":"Organization","@id":"https:\/\/nossapauta.com.br\/#organization","name":"Portal Nossa Pauta","url":"https:\/\/nossapauta.com.br\/","logo":{"@type":"ImageObject","inLanguage":"pt-BR","@id":"https:\/\/nossapauta.com.br\/#\/schema\/logo\/image\/","url":"https:\/\/nossapauta.com.br\/wp-content\/uploads\/2025\/10\/nossa_pauta_icone.png","contentUrl":"https:\/\/nossapauta.com.br\/wp-content\/uploads\/2025\/10\/nossa_pauta_icone.png","width":200,"height":186,"caption":"Portal Nossa Pauta"},"image":{"@id":"https:\/\/nossapauta.com.br\/#\/schema\/logo\/image\/"},"sameAs":["https:\/\/x.com\/NossaPautaNews","https:\/\/instagram.com\/nossa_pauta"]},{"@type":"Person","@id":"https:\/\/nossapauta.com.br\/#\/schema\/person\/d746bb0b099fa23efec4671408b19088","name":"Andr\u00e9 Mesquita","image":{"@type":"ImageObject","inLanguage":"pt-BR","@id":"https:\/\/secure.gravatar.com\/avatar\/176a5646e67d1531cbf999621337619c32919d98f61cca6309822d3466db2a61?s=96&d=mm&r=g","url":"https:\/\/secure.gravatar.com\/avatar\/176a5646e67d1531cbf999621337619c32919d98f61cca6309822d3466db2a61?s=96&d=mm&r=g","contentUrl":"https:\/\/secure.gravatar.com\/avatar\/176a5646e67d1531cbf999621337619c32919d98f61cca6309822d3466db2a61?s=96&d=mm&r=g","caption":"Andr\u00e9 Mesquita"},"url":"https:\/\/nossapauta.com.br\/index.php\/author\/andre\/"}]}},"_links":{"self":[{"href":"https:\/\/nossapauta.com.br\/index.php\/wp-json\/wp\/v2\/posts\/1993","targetHints":{"allow":["GET"]}}],"collection":[{"href":"https:\/\/nossapauta.com.br\/index.php\/wp-json\/wp\/v2\/posts"}],"about":[{"href":"https:\/\/nossapauta.com.br\/index.php\/wp-json\/wp\/v2\/types\/post"}],"author":[{"embeddable":true,"href":"https:\/\/nossapauta.com.br\/index.php\/wp-json\/wp\/v2\/users\/2"}],"replies":[{"embeddable":true,"href":"https:\/\/nossapauta.com.br\/index.php\/wp-json\/wp\/v2\/comments?post=1993"}],"version-history":[{"count":1,"href":"https:\/\/nossapauta.com.br\/index.php\/wp-json\/wp\/v2\/posts\/1993\/revisions"}],"predecessor-version":[{"id":1995,"href":"https:\/\/nossapauta.com.br\/index.php\/wp-json\/wp\/v2\/posts\/1993\/revisions\/1995"}],"wp:featuredmedia":[{"embeddable":true,"href":"https:\/\/nossapauta.com.br\/index.php\/wp-json\/wp\/v2\/media\/1994"}],"wp:attachment":[{"href":"https:\/\/nossapauta.com.br\/index.php\/wp-json\/wp\/v2\/media?parent=1993"}],"wp:term":[{"taxonomy":"category","embeddable":true,"href":"https:\/\/nossapauta.com.br\/index.php\/wp-json\/wp\/v2\/categories?post=1993"},{"taxonomy":"post_tag","embeddable":true,"href":"https:\/\/nossapauta.com.br\/index.php\/wp-json\/wp\/v2\/tags?post=1993"}],"curies":[{"name":"wp","href":"https:\/\/api.w.org\/{rel}","templated":true}]}}