{"id":1983,"date":"2026-04-25T13:41:55","date_gmt":"2026-04-25T16:41:55","guid":{"rendered":"https:\/\/nossapauta.com.br\/?p=1983"},"modified":"2026-04-25T13:41:57","modified_gmt":"2026-04-25T16:41:57","slug":"orleans-brandao-atrai-grande-publico-na-baixada-maranhense","status":"publish","type":"post","link":"https:\/\/nossapauta.com.br\/index.php\/2026\/04\/25\/orleans-brandao-atrai-grande-publico-na-baixada-maranhense\/","title":{"rendered":"Orleans Brand\u00e3o atrai grande p\u00fablico na Baixada Maranhense"},"content":{"rendered":"\n<p>O pr\u00e9-candidato Orleans Brand\u00e3o reuniu uma multid\u00e3o durante agenda pol\u00edtica na regi\u00e3o da Baixada Maranhense, consolidando sua presen\u00e7a entre lideran\u00e7as locais e eleitores. O evento contou com a participa\u00e7\u00e3o de apoiadores, representantes comunit\u00e1rios e pol\u00edticos aliados, refor\u00e7ando a articula\u00e7\u00e3o do grupo na regi\u00e3o.<br>Durante o encontro, Orleans destacou propostas voltadas ao desenvolvimento regional, com \u00eanfase em infraestrutura, gera\u00e7\u00e3o de emprego e fortalecimento das pol\u00edticas p\u00fablicas nos munic\u00edpios da Baixada. Em seu discurso, ele tamb\u00e9m ressaltou a import\u00e2ncia da uni\u00e3o pol\u00edtica para impulsionar melhorias nas \u00e1reas mais carentes do estado.<br>A mobiliza\u00e7\u00e3o expressiva chamou aten\u00e7\u00e3o pelo engajamento popular, evidenciando o crescimento da pr\u00e9-campanha e a receptividade do nome de Orleans Brand\u00e3o entre os moradores da regi\u00e3o. Lideran\u00e7as locais avaliaram o ato como um indicativo de fortalecimento pol\u00edtico na corrida eleitoral que se aproxima.<br>A agenda faz parte de uma s\u00e9rie de visitas que o pr\u00e9-candidato vem realizando em diferentes regi\u00f5es do Maranh\u00e3o, ampliando o di\u00e1logo com a popula\u00e7\u00e3o e consolidando alian\u00e7as estrat\u00e9gicas.<\/p>\n","protected":false},"excerpt":{"rendered":"<p>O pr\u00e9-candidato Orleans Brand\u00e3o reuniu uma multid\u00e3o durante agenda pol\u00edtica na regi\u00e3o da Baixada Maranhense,<\/p>\n","protected":false},"author":2,"featured_media":1984,"comment_status":"open","ping_status":"open","sticky":false,"template":"","format":"standard","meta":{"footnotes":""},"categories":[17,5],"tags":[],"class_list":["post-1983","post","type-post","status-publish","format-standard","has-post-thumbnail","hentry","category-destaques","category-politica"],"yoast_head":"<!-- This site is optimized with the Yoast SEO plugin v27.3 - https:\/\/yoast.com\/product\/yoast-seo-wordpress\/ -->\n<title>Orleans Brand\u00e3o atrai grande p\u00fablico na Baixada Maranhense - Portal Nossa Pauta<\/title>\n<meta name=\"robots\" content=\"index, follow, max-snippet:-1, max-image-preview:large, max-video-preview:-1\" \/>\n<link rel=\"canonical\" href=\"https:\/\/nossapauta.com.br\/index.php\/2026\/04\/25\/orleans-brandao-atrai-grande-publico-na-baixada-maranhense\/\" \/>\n<meta property=\"og:locale\" content=\"pt_BR\" \/>\n<meta property=\"og:type\" content=\"article\" \/>\n<meta property=\"og:title\" content=\"Orleans Brand\u00e3o atrai grande p\u00fablico na Baixada Maranhense - Portal Nossa Pauta\" \/>\n<meta property=\"og:description\" content=\"O pr\u00e9-candidato Orleans Brand\u00e3o reuniu uma multid\u00e3o durante agenda pol\u00edtica na regi\u00e3o da Baixada Maranhense,\" \/>\n<meta property=\"og:url\" content=\"https:\/\/nossapauta.com.br\/index.php\/2026\/04\/25\/orleans-brandao-atrai-grande-publico-na-baixada-maranhense\/\" \/>\n<meta property=\"og:site_name\" content=\"Portal Nossa Pauta\" \/>\n<meta property=\"article:published_time\" content=\"2026-04-25T16:41:55+00:00\" \/>\n<meta property=\"article:modified_time\" content=\"2026-04-25T16:41:57+00:00\" \/>\n<meta property=\"og:image\" content=\"https:\/\/nossapauta.com.br\/wp-content\/uploads\/2026\/04\/UACxiy6xruxkPPUjTS6COacnbzPJ1RiDrF7yMPaG.jpg\" \/>\n\t<meta property=\"og:image:width\" content=\"1080\" \/>\n\t<meta property=\"og:image:height\" content=\"607\" \/>\n\t<meta property=\"og:image:type\" content=\"image\/jpeg\" \/>\n<meta name=\"author\" content=\"Andr\u00e9 Mesquita\" \/>\n<meta name=\"twitter:card\" content=\"summary_large_image\" \/>\n<meta name=\"twitter:creator\" content=\"@NossaPautaNews\" \/>\n<meta name=\"twitter:site\" content=\"@NossaPautaNews\" \/>\n<meta name=\"twitter:label1\" content=\"Escrito por\" \/>\n\t<meta name=\"twitter:data1\" content=\"Andr\u00e9 Mesquita\" \/>\n\t<meta name=\"twitter:label2\" content=\"Est. tempo de leitura\" \/>\n\t<meta name=\"twitter:data2\" content=\"2 minutos\" \/>\n<script type=\"application\/ld+json\" class=\"yoast-schema-graph\">{\"@context\":\"https:\\\/\\\/schema.org\",\"@graph\":[{\"@type\":\"Article\",\"@id\":\"https:\\\/\\\/nossapauta.com.br\\\/index.php\\\/2026\\\/04\\\/25\\\/orleans-brandao-atrai-grande-publico-na-baixada-maranhense\\\/#article\",\"isPartOf\":{\"@id\":\"https:\\\/\\\/nossapauta.com.br\\\/index.php\\\/2026\\\/04\\\/25\\\/orleans-brandao-atrai-grande-publico-na-baixada-maranhense\\\/\"},\"author\":{\"name\":\"Andr\u00e9 Mesquita\",\"@id\":\"https:\\\/\\\/nossapauta.com.br\\\/#\\\/schema\\\/person\\\/d746bb0b099fa23efec4671408b19088\"},\"headline\":\"Orleans Brand\u00e3o atrai grande p\u00fablico na Baixada Maranhense\",\"datePublished\":\"2026-04-25T16:41:55+00:00\",\"dateModified\":\"2026-04-25T16:41:57+00:00\",\"mainEntityOfPage\":{\"@id\":\"https:\\\/\\\/nossapauta.com.br\\\/index.php\\\/2026\\\/04\\\/25\\\/orleans-brandao-atrai-grande-publico-na-baixada-maranhense\\\/\"},\"wordCount\":207,\"commentCount\":0,\"publisher\":{\"@id\":\"https:\\\/\\\/nossapauta.com.br\\\/#organization\"},\"image\":{\"@id\":\"https:\\\/\\\/nossapauta.com.br\\\/index.php\\\/2026\\\/04\\\/25\\\/orleans-brandao-atrai-grande-publico-na-baixada-maranhense\\\/#primaryimage\"},\"thumbnailUrl\":\"https:\\\/\\\/nossapauta.com.br\\\/wp-content\\\/uploads\\\/2026\\\/04\\\/UACxiy6xruxkPPUjTS6COacnbzPJ1RiDrF7yMPaG.jpg\",\"articleSection\":[\"Destaques\",\"Pol\u00edtica\"],\"inLanguage\":\"pt-BR\",\"potentialAction\":[{\"@type\":\"CommentAction\",\"name\":\"Comment\",\"target\":[\"https:\\\/\\\/nossapauta.com.br\\\/index.php\\\/2026\\\/04\\\/25\\\/orleans-brandao-atrai-grande-publico-na-baixada-maranhense\\\/#respond\"]}]},{\"@type\":\"WebPage\",\"@id\":\"https:\\\/\\\/nossapauta.com.br\\\/index.php\\\/2026\\\/04\\\/25\\\/orleans-brandao-atrai-grande-publico-na-baixada-maranhense\\\/\",\"url\":\"https:\\\/\\\/nossapauta.com.br\\\/index.php\\\/2026\\\/04\\\/25\\\/orleans-brandao-atrai-grande-publico-na-baixada-maranhense\\\/\",\"name\":\"Orleans Brand\u00e3o atrai grande p\u00fablico na Baixada Maranhense - Portal Nossa Pauta\",\"isPartOf\":{\"@id\":\"https:\\\/\\\/nossapauta.com.br\\\/#website\"},\"primaryImageOfPage\":{\"@id\":\"https:\\\/\\\/nossapauta.com.br\\\/index.php\\\/2026\\\/04\\\/25\\\/orleans-brandao-atrai-grande-publico-na-baixada-maranhense\\\/#primaryimage\"},\"image\":{\"@id\":\"https:\\\/\\\/nossapauta.com.br\\\/index.php\\\/2026\\\/04\\\/25\\\/orleans-brandao-atrai-grande-publico-na-baixada-maranhense\\\/#primaryimage\"},\"thumbnailUrl\":\"https:\\\/\\\/nossapauta.com.br\\\/wp-content\\\/uploads\\\/2026\\\/04\\\/UACxiy6xruxkPPUjTS6COacnbzPJ1RiDrF7yMPaG.jpg\",\"datePublished\":\"2026-04-25T16:41:55+00:00\",\"dateModified\":\"2026-04-25T16:41:57+00:00\",\"breadcrumb\":{\"@id\":\"https:\\\/\\\/nossapauta.com.br\\\/index.php\\\/2026\\\/04\\\/25\\\/orleans-brandao-atrai-grande-publico-na-baixada-maranhense\\\/#breadcrumb\"},\"inLanguage\":\"pt-BR\",\"potentialAction\":[{\"@type\":\"ReadAction\",\"target\":[\"https:\\\/\\\/nossapauta.com.br\\\/index.php\\\/2026\\\/04\\\/25\\\/orleans-brandao-atrai-grande-publico-na-baixada-maranhense\\\/\"]}]},{\"@type\":\"ImageObject\",\"inLanguage\":\"pt-BR\",\"@id\":\"https:\\\/\\\/nossapauta.com.br\\\/index.php\\\/2026\\\/04\\\/25\\\/orleans-brandao-atrai-grande-publico-na-baixada-maranhense\\\/#primaryimage\",\"url\":\"https:\\\/\\\/nossapauta.com.br\\\/wp-content\\\/uploads\\\/2026\\\/04\\\/UACxiy6xruxkPPUjTS6COacnbzPJ1RiDrF7yMPaG.jpg\",\"contentUrl\":\"https:\\\/\\\/nossapauta.com.br\\\/wp-content\\\/uploads\\\/2026\\\/04\\\/UACxiy6xruxkPPUjTS6COacnbzPJ1RiDrF7yMPaG.jpg\",\"width\":1080,\"height\":607},{\"@type\":\"BreadcrumbList\",\"@id\":\"https:\\\/\\\/nossapauta.com.br\\\/index.php\\\/2026\\\/04\\\/25\\\/orleans-brandao-atrai-grande-publico-na-baixada-maranhense\\\/#breadcrumb\",\"itemListElement\":[{\"@type\":\"ListItem\",\"position\":1,\"name\":\"In\u00edcio\",\"item\":\"https:\\\/\\\/nossapauta.com.br\\\/\"},{\"@type\":\"ListItem\",\"position\":2,\"name\":\"Orleans Brand\u00e3o atrai grande p\u00fablico na Baixada Maranhense\"}]},{\"@type\":\"WebSite\",\"@id\":\"https:\\\/\\\/nossapauta.com.br\\\/#website\",\"url\":\"https:\\\/\\\/nossapauta.com.br\\\/\",\"name\":\"Nossa Pauta\",\"description\":\"Seu Portal de not\u00edcias que te atualiza.\",\"publisher\":{\"@id\":\"https:\\\/\\\/nossapauta.com.br\\\/#organization\"},\"alternateName\":\"Portal Nossa Pauta\",\"potentialAction\":[{\"@type\":\"SearchAction\",\"target\":{\"@type\":\"EntryPoint\",\"urlTemplate\":\"https:\\\/\\\/nossapauta.com.br\\\/?s={search_term_string}\"},\"query-input\":{\"@type\":\"PropertyValueSpecification\",\"valueRequired\":true,\"valueName\":\"search_term_string\"}}],\"inLanguage\":\"pt-BR\"},{\"@type\":\"Organization\",\"@id\":\"https:\\\/\\\/nossapauta.com.br\\\/#organization\",\"name\":\"Portal Nossa Pauta\",\"url\":\"https:\\\/\\\/nossapauta.com.br\\\/\",\"logo\":{\"@type\":\"ImageObject\",\"inLanguage\":\"pt-BR\",\"@id\":\"https:\\\/\\\/nossapauta.com.br\\\/#\\\/schema\\\/logo\\\/image\\\/\",\"url\":\"https:\\\/\\\/nossapauta.com.br\\\/wp-content\\\/uploads\\\/2025\\\/10\\\/nossa_pauta_icone.png\",\"contentUrl\":\"https:\\\/\\\/nossapauta.com.br\\\/wp-content\\\/uploads\\\/2025\\\/10\\\/nossa_pauta_icone.png\",\"width\":200,\"height\":186,\"caption\":\"Portal Nossa Pauta\"},\"image\":{\"@id\":\"https:\\\/\\\/nossapauta.com.br\\\/#\\\/schema\\\/logo\\\/image\\\/\"},\"sameAs\":[\"https:\\\/\\\/x.com\\\/NossaPautaNews\",\"https:\\\/\\\/instagram.com\\\/nossa_pauta\"]},{\"@type\":\"Person\",\"@id\":\"https:\\\/\\\/nossapauta.com.br\\\/#\\\/schema\\\/person\\\/d746bb0b099fa23efec4671408b19088\",\"name\":\"Andr\u00e9 Mesquita\",\"image\":{\"@type\":\"ImageObject\",\"inLanguage\":\"pt-BR\",\"@id\":\"https:\\\/\\\/secure.gravatar.com\\\/avatar\\\/176a5646e67d1531cbf999621337619c32919d98f61cca6309822d3466db2a61?s=96&d=mm&r=g\",\"url\":\"https:\\\/\\\/secure.gravatar.com\\\/avatar\\\/176a5646e67d1531cbf999621337619c32919d98f61cca6309822d3466db2a61?s=96&d=mm&r=g\",\"contentUrl\":\"https:\\\/\\\/secure.gravatar.com\\\/avatar\\\/176a5646e67d1531cbf999621337619c32919d98f61cca6309822d3466db2a61?s=96&d=mm&r=g\",\"caption\":\"Andr\u00e9 Mesquita\"},\"url\":\"https:\\\/\\\/nossapauta.com.br\\\/index.php\\\/author\\\/andre\\\/\"}]}<\/script>\n<!-- \/ Yoast SEO plugin. -->","yoast_head_json":{"title":"Orleans Brand\u00e3o atrai grande p\u00fablico na Baixada Maranhense - Portal Nossa Pauta","robots":{"index":"index","follow":"follow","max-snippet":"max-snippet:-1","max-image-preview":"max-image-preview:large","max-video-preview":"max-video-preview:-1"},"canonical":"https:\/\/nossapauta.com.br\/index.php\/2026\/04\/25\/orleans-brandao-atrai-grande-publico-na-baixada-maranhense\/","og_locale":"pt_BR","og_type":"article","og_title":"Orleans Brand\u00e3o atrai grande p\u00fablico na Baixada Maranhense - Portal Nossa Pauta","og_description":"O pr\u00e9-candidato Orleans Brand\u00e3o reuniu uma multid\u00e3o durante agenda pol\u00edtica na regi\u00e3o da Baixada Maranhense,","og_url":"https:\/\/nossapauta.com.br\/index.php\/2026\/04\/25\/orleans-brandao-atrai-grande-publico-na-baixada-maranhense\/","og_site_name":"Portal Nossa Pauta","article_published_time":"2026-04-25T16:41:55+00:00","article_modified_time":"2026-04-25T16:41:57+00:00","og_image":[{"width":1080,"height":607,"url":"https:\/\/nossapauta.com.br\/wp-content\/uploads\/2026\/04\/UACxiy6xruxkPPUjTS6COacnbzPJ1RiDrF7yMPaG.jpg","type":"image\/jpeg"}],"author":"Andr\u00e9 Mesquita","twitter_card":"summary_large_image","twitter_creator":"@NossaPautaNews","twitter_site":"@NossaPautaNews","twitter_misc":{"Escrito por":"Andr\u00e9 Mesquita","Est. tempo de leitura":"2 minutos"},"schema":{"@context":"https:\/\/schema.org","@graph":[{"@type":"Article","@id":"https:\/\/nossapauta.com.br\/index.php\/2026\/04\/25\/orleans-brandao-atrai-grande-publico-na-baixada-maranhense\/#article","isPartOf":{"@id":"https:\/\/nossapauta.com.br\/index.php\/2026\/04\/25\/orleans-brandao-atrai-grande-publico-na-baixada-maranhense\/"},"author":{"name":"Andr\u00e9 Mesquita","@id":"https:\/\/nossapauta.com.br\/#\/schema\/person\/d746bb0b099fa23efec4671408b19088"},"headline":"Orleans Brand\u00e3o atrai grande p\u00fablico na Baixada Maranhense","datePublished":"2026-04-25T16:41:55+00:00","dateModified":"2026-04-25T16:41:57+00:00","mainEntityOfPage":{"@id":"https:\/\/nossapauta.com.br\/index.php\/2026\/04\/25\/orleans-brandao-atrai-grande-publico-na-baixada-maranhense\/"},"wordCount":207,"commentCount":0,"publisher":{"@id":"https:\/\/nossapauta.com.br\/#organization"},"image":{"@id":"https:\/\/nossapauta.com.br\/index.php\/2026\/04\/25\/orleans-brandao-atrai-grande-publico-na-baixada-maranhense\/#primaryimage"},"thumbnailUrl":"https:\/\/nossapauta.com.br\/wp-content\/uploads\/2026\/04\/UACxiy6xruxkPPUjTS6COacnbzPJ1RiDrF7yMPaG.jpg","articleSection":["Destaques","Pol\u00edtica"],"inLanguage":"pt-BR","potentialAction":[{"@type":"CommentAction","name":"Comment","target":["https:\/\/nossapauta.com.br\/index.php\/2026\/04\/25\/orleans-brandao-atrai-grande-publico-na-baixada-maranhense\/#respond"]}]},{"@type":"WebPage","@id":"https:\/\/nossapauta.com.br\/index.php\/2026\/04\/25\/orleans-brandao-atrai-grande-publico-na-baixada-maranhense\/","url":"https:\/\/nossapauta.com.br\/index.php\/2026\/04\/25\/orleans-brandao-atrai-grande-publico-na-baixada-maranhense\/","name":"Orleans Brand\u00e3o atrai grande p\u00fablico na Baixada Maranhense - Portal Nossa Pauta","isPartOf":{"@id":"https:\/\/nossapauta.com.br\/#website"},"primaryImageOfPage":{"@id":"https:\/\/nossapauta.com.br\/index.php\/2026\/04\/25\/orleans-brandao-atrai-grande-publico-na-baixada-maranhense\/#primaryimage"},"image":{"@id":"https:\/\/nossapauta.com.br\/index.php\/2026\/04\/25\/orleans-brandao-atrai-grande-publico-na-baixada-maranhense\/#primaryimage"},"thumbnailUrl":"https:\/\/nossapauta.com.br\/wp-content\/uploads\/2026\/04\/UACxiy6xruxkPPUjTS6COacnbzPJ1RiDrF7yMPaG.jpg","datePublished":"2026-04-25T16:41:55+00:00","dateModified":"2026-04-25T16:41:57+00:00","breadcrumb":{"@id":"https:\/\/nossapauta.com.br\/index.php\/2026\/04\/25\/orleans-brandao-atrai-grande-publico-na-baixada-maranhense\/#breadcrumb"},"inLanguage":"pt-BR","potentialAction":[{"@type":"ReadAction","target":["https:\/\/nossapauta.com.br\/index.php\/2026\/04\/25\/orleans-brandao-atrai-grande-publico-na-baixada-maranhense\/"]}]},{"@type":"ImageObject","inLanguage":"pt-BR","@id":"https:\/\/nossapauta.com.br\/index.php\/2026\/04\/25\/orleans-brandao-atrai-grande-publico-na-baixada-maranhense\/#primaryimage","url":"https:\/\/nossapauta.com.br\/wp-content\/uploads\/2026\/04\/UACxiy6xruxkPPUjTS6COacnbzPJ1RiDrF7yMPaG.jpg","contentUrl":"https:\/\/nossapauta.com.br\/wp-content\/uploads\/2026\/04\/UACxiy6xruxkPPUjTS6COacnbzPJ1RiDrF7yMPaG.jpg","width":1080,"height":607},{"@type":"BreadcrumbList","@id":"https:\/\/nossapauta.com.br\/index.php\/2026\/04\/25\/orleans-brandao-atrai-grande-publico-na-baixada-maranhense\/#breadcrumb","itemListElement":[{"@type":"ListItem","position":1,"name":"In\u00edcio","item":"https:\/\/nossapauta.com.br\/"},{"@type":"ListItem","position":2,"name":"Orleans Brand\u00e3o atrai grande p\u00fablico na Baixada Maranhense"}]},{"@type":"WebSite","@id":"https:\/\/nossapauta.com.br\/#website","url":"https:\/\/nossapauta.com.br\/","name":"Nossa Pauta","description":"Seu Portal de not\u00edcias que te atualiza.","publisher":{"@id":"https:\/\/nossapauta.com.br\/#organization"},"alternateName":"Portal Nossa Pauta","potentialAction":[{"@type":"SearchAction","target":{"@type":"EntryPoint","urlTemplate":"https:\/\/nossapauta.com.br\/?s={search_term_string}"},"query-input":{"@type":"PropertyValueSpecification","valueRequired":true,"valueName":"search_term_string"}}],"inLanguage":"pt-BR"},{"@type":"Organization","@id":"https:\/\/nossapauta.com.br\/#organization","name":"Portal Nossa Pauta","url":"https:\/\/nossapauta.com.br\/","logo":{"@type":"ImageObject","inLanguage":"pt-BR","@id":"https:\/\/nossapauta.com.br\/#\/schema\/logo\/image\/","url":"https:\/\/nossapauta.com.br\/wp-content\/uploads\/2025\/10\/nossa_pauta_icone.png","contentUrl":"https:\/\/nossapauta.com.br\/wp-content\/uploads\/2025\/10\/nossa_pauta_icone.png","width":200,"height":186,"caption":"Portal Nossa Pauta"},"image":{"@id":"https:\/\/nossapauta.com.br\/#\/schema\/logo\/image\/"},"sameAs":["https:\/\/x.com\/NossaPautaNews","https:\/\/instagram.com\/nossa_pauta"]},{"@type":"Person","@id":"https:\/\/nossapauta.com.br\/#\/schema\/person\/d746bb0b099fa23efec4671408b19088","name":"Andr\u00e9 Mesquita","image":{"@type":"ImageObject","inLanguage":"pt-BR","@id":"https:\/\/secure.gravatar.com\/avatar\/176a5646e67d1531cbf999621337619c32919d98f61cca6309822d3466db2a61?s=96&d=mm&r=g","url":"https:\/\/secure.gravatar.com\/avatar\/176a5646e67d1531cbf999621337619c32919d98f61cca6309822d3466db2a61?s=96&d=mm&r=g","contentUrl":"https:\/\/secure.gravatar.com\/avatar\/176a5646e67d1531cbf999621337619c32919d98f61cca6309822d3466db2a61?s=96&d=mm&r=g","caption":"Andr\u00e9 Mesquita"},"url":"https:\/\/nossapauta.com.br\/index.php\/author\/andre\/"}]}},"_links":{"self":[{"href":"https:\/\/nossapauta.com.br\/index.php\/wp-json\/wp\/v2\/posts\/1983","targetHints":{"allow":["GET"]}}],"collection":[{"href":"https:\/\/nossapauta.com.br\/index.php\/wp-json\/wp\/v2\/posts"}],"about":[{"href":"https:\/\/nossapauta.com.br\/index.php\/wp-json\/wp\/v2\/types\/post"}],"author":[{"embeddable":true,"href":"https:\/\/nossapauta.com.br\/index.php\/wp-json\/wp\/v2\/users\/2"}],"replies":[{"embeddable":true,"href":"https:\/\/nossapauta.com.br\/index.php\/wp-json\/wp\/v2\/comments?post=1983"}],"version-history":[{"count":1,"href":"https:\/\/nossapauta.com.br\/index.php\/wp-json\/wp\/v2\/posts\/1983\/revisions"}],"predecessor-version":[{"id":1985,"href":"https:\/\/nossapauta.com.br\/index.php\/wp-json\/wp\/v2\/posts\/1983\/revisions\/1985"}],"wp:featuredmedia":[{"embeddable":true,"href":"https:\/\/nossapauta.com.br\/index.php\/wp-json\/wp\/v2\/media\/1984"}],"wp:attachment":[{"href":"https:\/\/nossapauta.com.br\/index.php\/wp-json\/wp\/v2\/media?parent=1983"}],"wp:term":[{"taxonomy":"category","embeddable":true,"href":"https:\/\/nossapauta.com.br\/index.php\/wp-json\/wp\/v2\/categories?post=1983"},{"taxonomy":"post_tag","embeddable":true,"href":"https:\/\/nossapauta.com.br\/index.php\/wp-json\/wp\/v2\/tags?post=1983"}],"curies":[{"name":"wp","href":"https:\/\/api.w.org\/{rel}","templated":true}]}}