{"id":1980,"date":"2026-04-25T13:36:11","date_gmt":"2026-04-25T16:36:11","guid":{"rendered":"https:\/\/nossapauta.com.br\/?p=1980"},"modified":"2026-04-25T13:36:13","modified_gmt":"2026-04-25T16:36:13","slug":"piauiense-conquista-bronze-no-salto-triplo-em-competicao-no-panama","status":"publish","type":"post","link":"https:\/\/nossapauta.com.br\/index.php\/2026\/04\/25\/piauiense-conquista-bronze-no-salto-triplo-em-competicao-no-panama\/","title":{"rendered":"Piauiense conquista bronze no salto triplo em competi\u00e7\u00e3o no Panam\u00e1"},"content":{"rendered":"\n<p>O atletismo piauiense voltou a ganhar proje\u00e7\u00e3o internacional com o desempenho do jovem Guilherme Medeiros nos Jogos Sul-Americanos da Juventude Sub-18. Aos 16 anos, o atleta conquistou a medalha de bronze na prova do salto triplo, ao atingir a marca de 14,11 metros.<br>A competi\u00e7\u00e3o foi realizada no Est\u00e1dio Rommel Fern\u00e1ndez e reuniu cerca de dois mil atletas, representando 15 pa\u00edses do continente. Guilherme integrou a sele\u00e7\u00e3o brasileira de base e garantiu um lugar no p\u00f3dio em meio a uma disputa de alto n\u00edvel t\u00e9cnico.<br>O resultado refor\u00e7a o crescimento do atletismo no Piau\u00ed e evidencia o potencial de novos talentos que v\u00eam se destacando em competi\u00e7\u00f5es internacionais, levando o nome do estado e do Brasil para al\u00e9m das fronteiras.<\/p>\n","protected":false},"excerpt":{"rendered":"<p>O atletismo piauiense voltou a ganhar proje\u00e7\u00e3o internacional com o desempenho do jovem Guilherme Medeiros<\/p>\n","protected":false},"author":2,"featured_media":1981,"comment_status":"open","ping_status":"open","sticky":false,"template":"","format":"standard","meta":{"footnotes":""},"categories":[17,6],"tags":[],"class_list":["post-1980","post","type-post","status-publish","format-standard","has-post-thumbnail","hentry","category-destaques","category-esportes"],"yoast_head":"<!-- This site is optimized with the Yoast SEO plugin v27.3 - https:\/\/yoast.com\/product\/yoast-seo-wordpress\/ -->\n<title>Piauiense conquista bronze no salto triplo em competi\u00e7\u00e3o no Panam\u00e1 - Portal Nossa Pauta<\/title>\n<meta name=\"robots\" content=\"index, follow, max-snippet:-1, max-image-preview:large, max-video-preview:-1\" \/>\n<link rel=\"canonical\" href=\"https:\/\/nossapauta.com.br\/index.php\/2026\/04\/25\/piauiense-conquista-bronze-no-salto-triplo-em-competicao-no-panama\/\" \/>\n<meta property=\"og:locale\" content=\"pt_BR\" \/>\n<meta property=\"og:type\" content=\"article\" \/>\n<meta property=\"og:title\" content=\"Piauiense conquista bronze no salto triplo em competi\u00e7\u00e3o no Panam\u00e1 - Portal Nossa Pauta\" \/>\n<meta property=\"og:description\" content=\"O atletismo piauiense voltou a ganhar proje\u00e7\u00e3o internacional com o desempenho do jovem Guilherme Medeiros\" \/>\n<meta property=\"og:url\" content=\"https:\/\/nossapauta.com.br\/index.php\/2026\/04\/25\/piauiense-conquista-bronze-no-salto-triplo-em-competicao-no-panama\/\" \/>\n<meta property=\"og:site_name\" content=\"Portal Nossa Pauta\" \/>\n<meta property=\"article:published_time\" content=\"2026-04-25T16:36:11+00:00\" \/>\n<meta property=\"article:modified_time\" content=\"2026-04-25T16:36:13+00:00\" \/>\n<meta property=\"og:image\" content=\"https:\/\/nossapauta.com.br\/wp-content\/uploads\/2026\/04\/ok_d8FGYmX.jpeg.1200x0_q95_crop.jpg\" \/>\n\t<meta property=\"og:image:width\" content=\"1179\" \/>\n\t<meta property=\"og:image:height\" content=\"736\" \/>\n\t<meta property=\"og:image:type\" content=\"image\/jpeg\" \/>\n<meta name=\"author\" content=\"Andr\u00e9 Mesquita\" \/>\n<meta name=\"twitter:card\" content=\"summary_large_image\" \/>\n<meta name=\"twitter:creator\" content=\"@NossaPautaNews\" \/>\n<meta name=\"twitter:site\" content=\"@NossaPautaNews\" \/>\n<meta name=\"twitter:label1\" content=\"Escrito por\" \/>\n\t<meta name=\"twitter:data1\" content=\"Andr\u00e9 Mesquita\" \/>\n\t<meta name=\"twitter:label2\" content=\"Est. tempo de leitura\" \/>\n\t<meta name=\"twitter:data2\" content=\"1 minuto\" \/>\n<script type=\"application\/ld+json\" class=\"yoast-schema-graph\">{\"@context\":\"https:\\\/\\\/schema.org\",\"@graph\":[{\"@type\":\"Article\",\"@id\":\"https:\\\/\\\/nossapauta.com.br\\\/index.php\\\/2026\\\/04\\\/25\\\/piauiense-conquista-bronze-no-salto-triplo-em-competicao-no-panama\\\/#article\",\"isPartOf\":{\"@id\":\"https:\\\/\\\/nossapauta.com.br\\\/index.php\\\/2026\\\/04\\\/25\\\/piauiense-conquista-bronze-no-salto-triplo-em-competicao-no-panama\\\/\"},\"author\":{\"name\":\"Andr\u00e9 Mesquita\",\"@id\":\"https:\\\/\\\/nossapauta.com.br\\\/#\\\/schema\\\/person\\\/d746bb0b099fa23efec4671408b19088\"},\"headline\":\"Piauiense conquista bronze no salto triplo em competi\u00e7\u00e3o no Panam\u00e1\",\"datePublished\":\"2026-04-25T16:36:11+00:00\",\"dateModified\":\"2026-04-25T16:36:13+00:00\",\"mainEntityOfPage\":{\"@id\":\"https:\\\/\\\/nossapauta.com.br\\\/index.php\\\/2026\\\/04\\\/25\\\/piauiense-conquista-bronze-no-salto-triplo-em-competicao-no-panama\\\/\"},\"wordCount\":141,\"commentCount\":0,\"publisher\":{\"@id\":\"https:\\\/\\\/nossapauta.com.br\\\/#organization\"},\"image\":{\"@id\":\"https:\\\/\\\/nossapauta.com.br\\\/index.php\\\/2026\\\/04\\\/25\\\/piauiense-conquista-bronze-no-salto-triplo-em-competicao-no-panama\\\/#primaryimage\"},\"thumbnailUrl\":\"https:\\\/\\\/nossapauta.com.br\\\/wp-content\\\/uploads\\\/2026\\\/04\\\/ok_d8FGYmX.jpeg.1200x0_q95_crop.jpg\",\"articleSection\":[\"Destaques\",\"Esportes\"],\"inLanguage\":\"pt-BR\",\"potentialAction\":[{\"@type\":\"CommentAction\",\"name\":\"Comment\",\"target\":[\"https:\\\/\\\/nossapauta.com.br\\\/index.php\\\/2026\\\/04\\\/25\\\/piauiense-conquista-bronze-no-salto-triplo-em-competicao-no-panama\\\/#respond\"]}]},{\"@type\":\"WebPage\",\"@id\":\"https:\\\/\\\/nossapauta.com.br\\\/index.php\\\/2026\\\/04\\\/25\\\/piauiense-conquista-bronze-no-salto-triplo-em-competicao-no-panama\\\/\",\"url\":\"https:\\\/\\\/nossapauta.com.br\\\/index.php\\\/2026\\\/04\\\/25\\\/piauiense-conquista-bronze-no-salto-triplo-em-competicao-no-panama\\\/\",\"name\":\"Piauiense conquista bronze no salto triplo em competi\u00e7\u00e3o no Panam\u00e1 - Portal Nossa Pauta\",\"isPartOf\":{\"@id\":\"https:\\\/\\\/nossapauta.com.br\\\/#website\"},\"primaryImageOfPage\":{\"@id\":\"https:\\\/\\\/nossapauta.com.br\\\/index.php\\\/2026\\\/04\\\/25\\\/piauiense-conquista-bronze-no-salto-triplo-em-competicao-no-panama\\\/#primaryimage\"},\"image\":{\"@id\":\"https:\\\/\\\/nossapauta.com.br\\\/index.php\\\/2026\\\/04\\\/25\\\/piauiense-conquista-bronze-no-salto-triplo-em-competicao-no-panama\\\/#primaryimage\"},\"thumbnailUrl\":\"https:\\\/\\\/nossapauta.com.br\\\/wp-content\\\/uploads\\\/2026\\\/04\\\/ok_d8FGYmX.jpeg.1200x0_q95_crop.jpg\",\"datePublished\":\"2026-04-25T16:36:11+00:00\",\"dateModified\":\"2026-04-25T16:36:13+00:00\",\"breadcrumb\":{\"@id\":\"https:\\\/\\\/nossapauta.com.br\\\/index.php\\\/2026\\\/04\\\/25\\\/piauiense-conquista-bronze-no-salto-triplo-em-competicao-no-panama\\\/#breadcrumb\"},\"inLanguage\":\"pt-BR\",\"potentialAction\":[{\"@type\":\"ReadAction\",\"target\":[\"https:\\\/\\\/nossapauta.com.br\\\/index.php\\\/2026\\\/04\\\/25\\\/piauiense-conquista-bronze-no-salto-triplo-em-competicao-no-panama\\\/\"]}]},{\"@type\":\"ImageObject\",\"inLanguage\":\"pt-BR\",\"@id\":\"https:\\\/\\\/nossapauta.com.br\\\/index.php\\\/2026\\\/04\\\/25\\\/piauiense-conquista-bronze-no-salto-triplo-em-competicao-no-panama\\\/#primaryimage\",\"url\":\"https:\\\/\\\/nossapauta.com.br\\\/wp-content\\\/uploads\\\/2026\\\/04\\\/ok_d8FGYmX.jpeg.1200x0_q95_crop.jpg\",\"contentUrl\":\"https:\\\/\\\/nossapauta.com.br\\\/wp-content\\\/uploads\\\/2026\\\/04\\\/ok_d8FGYmX.jpeg.1200x0_q95_crop.jpg\",\"width\":1179,\"height\":736},{\"@type\":\"BreadcrumbList\",\"@id\":\"https:\\\/\\\/nossapauta.com.br\\\/index.php\\\/2026\\\/04\\\/25\\\/piauiense-conquista-bronze-no-salto-triplo-em-competicao-no-panama\\\/#breadcrumb\",\"itemListElement\":[{\"@type\":\"ListItem\",\"position\":1,\"name\":\"In\u00edcio\",\"item\":\"https:\\\/\\\/nossapauta.com.br\\\/\"},{\"@type\":\"ListItem\",\"position\":2,\"name\":\"Piauiense conquista bronze no salto triplo em competi\u00e7\u00e3o no Panam\u00e1\"}]},{\"@type\":\"WebSite\",\"@id\":\"https:\\\/\\\/nossapauta.com.br\\\/#website\",\"url\":\"https:\\\/\\\/nossapauta.com.br\\\/\",\"name\":\"Nossa Pauta\",\"description\":\"Seu Portal de not\u00edcias que te atualiza.\",\"publisher\":{\"@id\":\"https:\\\/\\\/nossapauta.com.br\\\/#organization\"},\"alternateName\":\"Portal Nossa Pauta\",\"potentialAction\":[{\"@type\":\"SearchAction\",\"target\":{\"@type\":\"EntryPoint\",\"urlTemplate\":\"https:\\\/\\\/nossapauta.com.br\\\/?s={search_term_string}\"},\"query-input\":{\"@type\":\"PropertyValueSpecification\",\"valueRequired\":true,\"valueName\":\"search_term_string\"}}],\"inLanguage\":\"pt-BR\"},{\"@type\":\"Organization\",\"@id\":\"https:\\\/\\\/nossapauta.com.br\\\/#organization\",\"name\":\"Portal Nossa Pauta\",\"url\":\"https:\\\/\\\/nossapauta.com.br\\\/\",\"logo\":{\"@type\":\"ImageObject\",\"inLanguage\":\"pt-BR\",\"@id\":\"https:\\\/\\\/nossapauta.com.br\\\/#\\\/schema\\\/logo\\\/image\\\/\",\"url\":\"https:\\\/\\\/nossapauta.com.br\\\/wp-content\\\/uploads\\\/2025\\\/10\\\/nossa_pauta_icone.png\",\"contentUrl\":\"https:\\\/\\\/nossapauta.com.br\\\/wp-content\\\/uploads\\\/2025\\\/10\\\/nossa_pauta_icone.png\",\"width\":200,\"height\":186,\"caption\":\"Portal Nossa Pauta\"},\"image\":{\"@id\":\"https:\\\/\\\/nossapauta.com.br\\\/#\\\/schema\\\/logo\\\/image\\\/\"},\"sameAs\":[\"https:\\\/\\\/x.com\\\/NossaPautaNews\",\"https:\\\/\\\/instagram.com\\\/nossa_pauta\"]},{\"@type\":\"Person\",\"@id\":\"https:\\\/\\\/nossapauta.com.br\\\/#\\\/schema\\\/person\\\/d746bb0b099fa23efec4671408b19088\",\"name\":\"Andr\u00e9 Mesquita\",\"image\":{\"@type\":\"ImageObject\",\"inLanguage\":\"pt-BR\",\"@id\":\"https:\\\/\\\/secure.gravatar.com\\\/avatar\\\/176a5646e67d1531cbf999621337619c32919d98f61cca6309822d3466db2a61?s=96&d=mm&r=g\",\"url\":\"https:\\\/\\\/secure.gravatar.com\\\/avatar\\\/176a5646e67d1531cbf999621337619c32919d98f61cca6309822d3466db2a61?s=96&d=mm&r=g\",\"contentUrl\":\"https:\\\/\\\/secure.gravatar.com\\\/avatar\\\/176a5646e67d1531cbf999621337619c32919d98f61cca6309822d3466db2a61?s=96&d=mm&r=g\",\"caption\":\"Andr\u00e9 Mesquita\"},\"url\":\"https:\\\/\\\/nossapauta.com.br\\\/index.php\\\/author\\\/andre\\\/\"}]}<\/script>\n<!-- \/ Yoast SEO plugin. -->","yoast_head_json":{"title":"Piauiense conquista bronze no salto triplo em competi\u00e7\u00e3o no Panam\u00e1 - Portal Nossa Pauta","robots":{"index":"index","follow":"follow","max-snippet":"max-snippet:-1","max-image-preview":"max-image-preview:large","max-video-preview":"max-video-preview:-1"},"canonical":"https:\/\/nossapauta.com.br\/index.php\/2026\/04\/25\/piauiense-conquista-bronze-no-salto-triplo-em-competicao-no-panama\/","og_locale":"pt_BR","og_type":"article","og_title":"Piauiense conquista bronze no salto triplo em competi\u00e7\u00e3o no Panam\u00e1 - Portal Nossa Pauta","og_description":"O atletismo piauiense voltou a ganhar proje\u00e7\u00e3o internacional com o desempenho do jovem Guilherme Medeiros","og_url":"https:\/\/nossapauta.com.br\/index.php\/2026\/04\/25\/piauiense-conquista-bronze-no-salto-triplo-em-competicao-no-panama\/","og_site_name":"Portal Nossa Pauta","article_published_time":"2026-04-25T16:36:11+00:00","article_modified_time":"2026-04-25T16:36:13+00:00","og_image":[{"width":1179,"height":736,"url":"https:\/\/nossapauta.com.br\/wp-content\/uploads\/2026\/04\/ok_d8FGYmX.jpeg.1200x0_q95_crop.jpg","type":"image\/jpeg"}],"author":"Andr\u00e9 Mesquita","twitter_card":"summary_large_image","twitter_creator":"@NossaPautaNews","twitter_site":"@NossaPautaNews","twitter_misc":{"Escrito por":"Andr\u00e9 Mesquita","Est. tempo de leitura":"1 minuto"},"schema":{"@context":"https:\/\/schema.org","@graph":[{"@type":"Article","@id":"https:\/\/nossapauta.com.br\/index.php\/2026\/04\/25\/piauiense-conquista-bronze-no-salto-triplo-em-competicao-no-panama\/#article","isPartOf":{"@id":"https:\/\/nossapauta.com.br\/index.php\/2026\/04\/25\/piauiense-conquista-bronze-no-salto-triplo-em-competicao-no-panama\/"},"author":{"name":"Andr\u00e9 Mesquita","@id":"https:\/\/nossapauta.com.br\/#\/schema\/person\/d746bb0b099fa23efec4671408b19088"},"headline":"Piauiense conquista bronze no salto triplo em competi\u00e7\u00e3o no Panam\u00e1","datePublished":"2026-04-25T16:36:11+00:00","dateModified":"2026-04-25T16:36:13+00:00","mainEntityOfPage":{"@id":"https:\/\/nossapauta.com.br\/index.php\/2026\/04\/25\/piauiense-conquista-bronze-no-salto-triplo-em-competicao-no-panama\/"},"wordCount":141,"commentCount":0,"publisher":{"@id":"https:\/\/nossapauta.com.br\/#organization"},"image":{"@id":"https:\/\/nossapauta.com.br\/index.php\/2026\/04\/25\/piauiense-conquista-bronze-no-salto-triplo-em-competicao-no-panama\/#primaryimage"},"thumbnailUrl":"https:\/\/nossapauta.com.br\/wp-content\/uploads\/2026\/04\/ok_d8FGYmX.jpeg.1200x0_q95_crop.jpg","articleSection":["Destaques","Esportes"],"inLanguage":"pt-BR","potentialAction":[{"@type":"CommentAction","name":"Comment","target":["https:\/\/nossapauta.com.br\/index.php\/2026\/04\/25\/piauiense-conquista-bronze-no-salto-triplo-em-competicao-no-panama\/#respond"]}]},{"@type":"WebPage","@id":"https:\/\/nossapauta.com.br\/index.php\/2026\/04\/25\/piauiense-conquista-bronze-no-salto-triplo-em-competicao-no-panama\/","url":"https:\/\/nossapauta.com.br\/index.php\/2026\/04\/25\/piauiense-conquista-bronze-no-salto-triplo-em-competicao-no-panama\/","name":"Piauiense conquista bronze no salto triplo em competi\u00e7\u00e3o no Panam\u00e1 - Portal Nossa Pauta","isPartOf":{"@id":"https:\/\/nossapauta.com.br\/#website"},"primaryImageOfPage":{"@id":"https:\/\/nossapauta.com.br\/index.php\/2026\/04\/25\/piauiense-conquista-bronze-no-salto-triplo-em-competicao-no-panama\/#primaryimage"},"image":{"@id":"https:\/\/nossapauta.com.br\/index.php\/2026\/04\/25\/piauiense-conquista-bronze-no-salto-triplo-em-competicao-no-panama\/#primaryimage"},"thumbnailUrl":"https:\/\/nossapauta.com.br\/wp-content\/uploads\/2026\/04\/ok_d8FGYmX.jpeg.1200x0_q95_crop.jpg","datePublished":"2026-04-25T16:36:11+00:00","dateModified":"2026-04-25T16:36:13+00:00","breadcrumb":{"@id":"https:\/\/nossapauta.com.br\/index.php\/2026\/04\/25\/piauiense-conquista-bronze-no-salto-triplo-em-competicao-no-panama\/#breadcrumb"},"inLanguage":"pt-BR","potentialAction":[{"@type":"ReadAction","target":["https:\/\/nossapauta.com.br\/index.php\/2026\/04\/25\/piauiense-conquista-bronze-no-salto-triplo-em-competicao-no-panama\/"]}]},{"@type":"ImageObject","inLanguage":"pt-BR","@id":"https:\/\/nossapauta.com.br\/index.php\/2026\/04\/25\/piauiense-conquista-bronze-no-salto-triplo-em-competicao-no-panama\/#primaryimage","url":"https:\/\/nossapauta.com.br\/wp-content\/uploads\/2026\/04\/ok_d8FGYmX.jpeg.1200x0_q95_crop.jpg","contentUrl":"https:\/\/nossapauta.com.br\/wp-content\/uploads\/2026\/04\/ok_d8FGYmX.jpeg.1200x0_q95_crop.jpg","width":1179,"height":736},{"@type":"BreadcrumbList","@id":"https:\/\/nossapauta.com.br\/index.php\/2026\/04\/25\/piauiense-conquista-bronze-no-salto-triplo-em-competicao-no-panama\/#breadcrumb","itemListElement":[{"@type":"ListItem","position":1,"name":"In\u00edcio","item":"https:\/\/nossapauta.com.br\/"},{"@type":"ListItem","position":2,"name":"Piauiense conquista bronze no salto triplo em competi\u00e7\u00e3o no Panam\u00e1"}]},{"@type":"WebSite","@id":"https:\/\/nossapauta.com.br\/#website","url":"https:\/\/nossapauta.com.br\/","name":"Nossa Pauta","description":"Seu Portal de not\u00edcias que te atualiza.","publisher":{"@id":"https:\/\/nossapauta.com.br\/#organization"},"alternateName":"Portal Nossa Pauta","potentialAction":[{"@type":"SearchAction","target":{"@type":"EntryPoint","urlTemplate":"https:\/\/nossapauta.com.br\/?s={search_term_string}"},"query-input":{"@type":"PropertyValueSpecification","valueRequired":true,"valueName":"search_term_string"}}],"inLanguage":"pt-BR"},{"@type":"Organization","@id":"https:\/\/nossapauta.com.br\/#organization","name":"Portal Nossa Pauta","url":"https:\/\/nossapauta.com.br\/","logo":{"@type":"ImageObject","inLanguage":"pt-BR","@id":"https:\/\/nossapauta.com.br\/#\/schema\/logo\/image\/","url":"https:\/\/nossapauta.com.br\/wp-content\/uploads\/2025\/10\/nossa_pauta_icone.png","contentUrl":"https:\/\/nossapauta.com.br\/wp-content\/uploads\/2025\/10\/nossa_pauta_icone.png","width":200,"height":186,"caption":"Portal Nossa Pauta"},"image":{"@id":"https:\/\/nossapauta.com.br\/#\/schema\/logo\/image\/"},"sameAs":["https:\/\/x.com\/NossaPautaNews","https:\/\/instagram.com\/nossa_pauta"]},{"@type":"Person","@id":"https:\/\/nossapauta.com.br\/#\/schema\/person\/d746bb0b099fa23efec4671408b19088","name":"Andr\u00e9 Mesquita","image":{"@type":"ImageObject","inLanguage":"pt-BR","@id":"https:\/\/secure.gravatar.com\/avatar\/176a5646e67d1531cbf999621337619c32919d98f61cca6309822d3466db2a61?s=96&d=mm&r=g","url":"https:\/\/secure.gravatar.com\/avatar\/176a5646e67d1531cbf999621337619c32919d98f61cca6309822d3466db2a61?s=96&d=mm&r=g","contentUrl":"https:\/\/secure.gravatar.com\/avatar\/176a5646e67d1531cbf999621337619c32919d98f61cca6309822d3466db2a61?s=96&d=mm&r=g","caption":"Andr\u00e9 Mesquita"},"url":"https:\/\/nossapauta.com.br\/index.php\/author\/andre\/"}]}},"_links":{"self":[{"href":"https:\/\/nossapauta.com.br\/index.php\/wp-json\/wp\/v2\/posts\/1980","targetHints":{"allow":["GET"]}}],"collection":[{"href":"https:\/\/nossapauta.com.br\/index.php\/wp-json\/wp\/v2\/posts"}],"about":[{"href":"https:\/\/nossapauta.com.br\/index.php\/wp-json\/wp\/v2\/types\/post"}],"author":[{"embeddable":true,"href":"https:\/\/nossapauta.com.br\/index.php\/wp-json\/wp\/v2\/users\/2"}],"replies":[{"embeddable":true,"href":"https:\/\/nossapauta.com.br\/index.php\/wp-json\/wp\/v2\/comments?post=1980"}],"version-history":[{"count":1,"href":"https:\/\/nossapauta.com.br\/index.php\/wp-json\/wp\/v2\/posts\/1980\/revisions"}],"predecessor-version":[{"id":1982,"href":"https:\/\/nossapauta.com.br\/index.php\/wp-json\/wp\/v2\/posts\/1980\/revisions\/1982"}],"wp:featuredmedia":[{"embeddable":true,"href":"https:\/\/nossapauta.com.br\/index.php\/wp-json\/wp\/v2\/media\/1981"}],"wp:attachment":[{"href":"https:\/\/nossapauta.com.br\/index.php\/wp-json\/wp\/v2\/media?parent=1980"}],"wp:term":[{"taxonomy":"category","embeddable":true,"href":"https:\/\/nossapauta.com.br\/index.php\/wp-json\/wp\/v2\/categories?post=1980"},{"taxonomy":"post_tag","embeddable":true,"href":"https:\/\/nossapauta.com.br\/index.php\/wp-json\/wp\/v2\/tags?post=1980"}],"curies":[{"name":"wp","href":"https:\/\/api.w.org\/{rel}","templated":true}]}}