{"id":1970,"date":"2026-04-25T10:29:40","date_gmt":"2026-04-25T13:29:40","guid":{"rendered":"https:\/\/nossapauta.com.br\/?p=1970"},"modified":"2026-04-25T10:29:42","modified_gmt":"2026-04-25T13:29:42","slug":"luiz-inacio-lula-da-silva-passa-por-procedimento-para-retirada-de-lesao-e-recebe-alta-em-sao-paulo","status":"publish","type":"post","link":"https:\/\/nossapauta.com.br\/index.php\/2026\/04\/25\/luiz-inacio-lula-da-silva-passa-por-procedimento-para-retirada-de-lesao-e-recebe-alta-em-sao-paulo\/","title":{"rendered":"Luiz In\u00e1cio Lula da Silva passa por procedimento para retirada de les\u00e3o e recebe alta em S\u00e3o Paulo"},"content":{"rendered":"\n<p><br>O presidente da Rep\u00fablica, Luiz In\u00e1cio Lula da Silva, foi submetido a procedimentos m\u00e9dicos na manh\u00e3 desta sexta-feira (24), no Hospital S\u00edrio-Liban\u00eas, na capital paulista. Entre as interven\u00e7\u00f5es realizadas, est\u00e1 a retirada de uma les\u00e3o no couro cabeludo, posteriormente identificada como carcinoma basocelular, o tipo mais comum de c\u00e2ncer de pele.<br>De acordo com a equipe m\u00e9dica, o material removido foi encaminhado para bi\u00f3psia, cujo resultado deve ser divulgado nos pr\u00f3ximos dias. O procedimento foi classificado como simples e ocorreu sem intercorr\u00eancias.<br>Al\u00e9m disso, o presidente tamb\u00e9m passou por uma infiltra\u00e7\u00e3o no punho direito, como parte do tratamento de uma tendinite no polegar. Segundo o m\u00e9dico Roberto Kalil Filho, respons\u00e1vel pelo acompanhamento, ambas as interven\u00e7\u00f5es j\u00e1 estavam previstas no monitoramento regular da sa\u00fade do chefe do Executivo.<br>Ap\u00f3s os procedimentos, Lula recebeu alta no mesmo dia e dever\u00e1 retomar sua agenda oficial na pr\u00f3xima semana. A orienta\u00e7\u00e3o m\u00e9dica inclui apenas cuidados de rotina, como observa\u00e7\u00e3o da \u00e1rea tratada e refor\u00e7o na prote\u00e7\u00e3o contra exposi\u00e7\u00e3o solar.<br>A interven\u00e7\u00e3o foi considerada n\u00e3o invasiva e integra o acompanhamento peri\u00f3dico da sa\u00fade do presidente.<\/p>\n","protected":false},"excerpt":{"rendered":"<p>Presidente Lula <\/p>\n","protected":false},"author":2,"featured_media":1971,"comment_status":"open","ping_status":"open","sticky":false,"template":"","format":"standard","meta":{"footnotes":""},"categories":[17,18,13],"tags":[],"class_list":["post-1970","post","type-post","status-publish","format-standard","has-post-thumbnail","hentry","category-destaques","category-geral","category-noticias"],"yoast_head":"<!-- This site is optimized with the Yoast SEO plugin v27.3 - https:\/\/yoast.com\/product\/yoast-seo-wordpress\/ -->\n<title>Luiz In\u00e1cio Lula da Silva passa por procedimento para retirada de les\u00e3o e recebe alta em S\u00e3o Paulo - Portal Nossa Pauta<\/title>\n<meta name=\"robots\" content=\"index, follow, max-snippet:-1, max-image-preview:large, max-video-preview:-1\" \/>\n<link rel=\"canonical\" href=\"https:\/\/nossapauta.com.br\/index.php\/2026\/04\/25\/luiz-inacio-lula-da-silva-passa-por-procedimento-para-retirada-de-lesao-e-recebe-alta-em-sao-paulo\/\" \/>\n<meta property=\"og:locale\" content=\"pt_BR\" \/>\n<meta property=\"og:type\" content=\"article\" \/>\n<meta property=\"og:title\" content=\"Luiz In\u00e1cio Lula da Silva passa por procedimento para retirada de les\u00e3o e recebe alta em S\u00e3o Paulo - Portal Nossa Pauta\" \/>\n<meta property=\"og:description\" content=\"Presidente Lula\" \/>\n<meta property=\"og:url\" content=\"https:\/\/nossapauta.com.br\/index.php\/2026\/04\/25\/luiz-inacio-lula-da-silva-passa-por-procedimento-para-retirada-de-lesao-e-recebe-alta-em-sao-paulo\/\" \/>\n<meta property=\"og:site_name\" content=\"Portal Nossa Pauta\" \/>\n<meta property=\"article:published_time\" content=\"2026-04-25T13:29:40+00:00\" \/>\n<meta property=\"article:modified_time\" content=\"2026-04-25T13:29:42+00:00\" \/>\n<meta property=\"og:image\" content=\"https:\/\/nossapauta.com.br\/wp-content\/uploads\/2026\/04\/luiz-inacio-lula-da-silva-em-entrevista-com-reinaldo-azevedo-1624870405919_v2_4x3-1.jpg\" \/>\n\t<meta property=\"og:image:width\" content=\"1772\" \/>\n\t<meta property=\"og:image:height\" content=\"1329\" \/>\n\t<meta property=\"og:image:type\" content=\"image\/jpeg\" \/>\n<meta name=\"author\" content=\"Andr\u00e9 Mesquita\" \/>\n<meta name=\"twitter:card\" content=\"summary_large_image\" \/>\n<meta name=\"twitter:creator\" content=\"@NossaPautaNews\" \/>\n<meta name=\"twitter:site\" content=\"@NossaPautaNews\" \/>\n<meta name=\"twitter:label1\" content=\"Escrito por\" \/>\n\t<meta name=\"twitter:data1\" content=\"Andr\u00e9 Mesquita\" \/>\n\t<meta name=\"twitter:label2\" content=\"Est. tempo de leitura\" \/>\n\t<meta name=\"twitter:data2\" content=\"2 minutos\" \/>\n<script type=\"application\/ld+json\" class=\"yoast-schema-graph\">{\"@context\":\"https:\\\/\\\/schema.org\",\"@graph\":[{\"@type\":\"Article\",\"@id\":\"https:\\\/\\\/nossapauta.com.br\\\/index.php\\\/2026\\\/04\\\/25\\\/luiz-inacio-lula-da-silva-passa-por-procedimento-para-retirada-de-lesao-e-recebe-alta-em-sao-paulo\\\/#article\",\"isPartOf\":{\"@id\":\"https:\\\/\\\/nossapauta.com.br\\\/index.php\\\/2026\\\/04\\\/25\\\/luiz-inacio-lula-da-silva-passa-por-procedimento-para-retirada-de-lesao-e-recebe-alta-em-sao-paulo\\\/\"},\"author\":{\"name\":\"Andr\u00e9 Mesquita\",\"@id\":\"https:\\\/\\\/nossapauta.com.br\\\/#\\\/schema\\\/person\\\/d746bb0b099fa23efec4671408b19088\"},\"headline\":\"Luiz In\u00e1cio Lula da Silva passa por procedimento para retirada de les\u00e3o e recebe alta em S\u00e3o Paulo\",\"datePublished\":\"2026-04-25T13:29:40+00:00\",\"dateModified\":\"2026-04-25T13:29:42+00:00\",\"mainEntityOfPage\":{\"@id\":\"https:\\\/\\\/nossapauta.com.br\\\/index.php\\\/2026\\\/04\\\/25\\\/luiz-inacio-lula-da-silva-passa-por-procedimento-para-retirada-de-lesao-e-recebe-alta-em-sao-paulo\\\/\"},\"wordCount\":231,\"commentCount\":0,\"publisher\":{\"@id\":\"https:\\\/\\\/nossapauta.com.br\\\/#organization\"},\"image\":{\"@id\":\"https:\\\/\\\/nossapauta.com.br\\\/index.php\\\/2026\\\/04\\\/25\\\/luiz-inacio-lula-da-silva-passa-por-procedimento-para-retirada-de-lesao-e-recebe-alta-em-sao-paulo\\\/#primaryimage\"},\"thumbnailUrl\":\"https:\\\/\\\/nossapauta.com.br\\\/wp-content\\\/uploads\\\/2026\\\/04\\\/luiz-inacio-lula-da-silva-em-entrevista-com-reinaldo-azevedo-1624870405919_v2_4x3-1.jpg\",\"articleSection\":[\"Destaques\",\"Geral\",\"Not\u00edcias\"],\"inLanguage\":\"pt-BR\",\"potentialAction\":[{\"@type\":\"CommentAction\",\"name\":\"Comment\",\"target\":[\"https:\\\/\\\/nossapauta.com.br\\\/index.php\\\/2026\\\/04\\\/25\\\/luiz-inacio-lula-da-silva-passa-por-procedimento-para-retirada-de-lesao-e-recebe-alta-em-sao-paulo\\\/#respond\"]}]},{\"@type\":\"WebPage\",\"@id\":\"https:\\\/\\\/nossapauta.com.br\\\/index.php\\\/2026\\\/04\\\/25\\\/luiz-inacio-lula-da-silva-passa-por-procedimento-para-retirada-de-lesao-e-recebe-alta-em-sao-paulo\\\/\",\"url\":\"https:\\\/\\\/nossapauta.com.br\\\/index.php\\\/2026\\\/04\\\/25\\\/luiz-inacio-lula-da-silva-passa-por-procedimento-para-retirada-de-lesao-e-recebe-alta-em-sao-paulo\\\/\",\"name\":\"Luiz In\u00e1cio Lula da Silva passa por procedimento para retirada de les\u00e3o e recebe alta em S\u00e3o Paulo - Portal Nossa Pauta\",\"isPartOf\":{\"@id\":\"https:\\\/\\\/nossapauta.com.br\\\/#website\"},\"primaryImageOfPage\":{\"@id\":\"https:\\\/\\\/nossapauta.com.br\\\/index.php\\\/2026\\\/04\\\/25\\\/luiz-inacio-lula-da-silva-passa-por-procedimento-para-retirada-de-lesao-e-recebe-alta-em-sao-paulo\\\/#primaryimage\"},\"image\":{\"@id\":\"https:\\\/\\\/nossapauta.com.br\\\/index.php\\\/2026\\\/04\\\/25\\\/luiz-inacio-lula-da-silva-passa-por-procedimento-para-retirada-de-lesao-e-recebe-alta-em-sao-paulo\\\/#primaryimage\"},\"thumbnailUrl\":\"https:\\\/\\\/nossapauta.com.br\\\/wp-content\\\/uploads\\\/2026\\\/04\\\/luiz-inacio-lula-da-silva-em-entrevista-com-reinaldo-azevedo-1624870405919_v2_4x3-1.jpg\",\"datePublished\":\"2026-04-25T13:29:40+00:00\",\"dateModified\":\"2026-04-25T13:29:42+00:00\",\"breadcrumb\":{\"@id\":\"https:\\\/\\\/nossapauta.com.br\\\/index.php\\\/2026\\\/04\\\/25\\\/luiz-inacio-lula-da-silva-passa-por-procedimento-para-retirada-de-lesao-e-recebe-alta-em-sao-paulo\\\/#breadcrumb\"},\"inLanguage\":\"pt-BR\",\"potentialAction\":[{\"@type\":\"ReadAction\",\"target\":[\"https:\\\/\\\/nossapauta.com.br\\\/index.php\\\/2026\\\/04\\\/25\\\/luiz-inacio-lula-da-silva-passa-por-procedimento-para-retirada-de-lesao-e-recebe-alta-em-sao-paulo\\\/\"]}]},{\"@type\":\"ImageObject\",\"inLanguage\":\"pt-BR\",\"@id\":\"https:\\\/\\\/nossapauta.com.br\\\/index.php\\\/2026\\\/04\\\/25\\\/luiz-inacio-lula-da-silva-passa-por-procedimento-para-retirada-de-lesao-e-recebe-alta-em-sao-paulo\\\/#primaryimage\",\"url\":\"https:\\\/\\\/nossapauta.com.br\\\/wp-content\\\/uploads\\\/2026\\\/04\\\/luiz-inacio-lula-da-silva-em-entrevista-com-reinaldo-azevedo-1624870405919_v2_4x3-1.jpg\",\"contentUrl\":\"https:\\\/\\\/nossapauta.com.br\\\/wp-content\\\/uploads\\\/2026\\\/04\\\/luiz-inacio-lula-da-silva-em-entrevista-com-reinaldo-azevedo-1624870405919_v2_4x3-1.jpg\",\"width\":1772,\"height\":1329},{\"@type\":\"BreadcrumbList\",\"@id\":\"https:\\\/\\\/nossapauta.com.br\\\/index.php\\\/2026\\\/04\\\/25\\\/luiz-inacio-lula-da-silva-passa-por-procedimento-para-retirada-de-lesao-e-recebe-alta-em-sao-paulo\\\/#breadcrumb\",\"itemListElement\":[{\"@type\":\"ListItem\",\"position\":1,\"name\":\"In\u00edcio\",\"item\":\"https:\\\/\\\/nossapauta.com.br\\\/\"},{\"@type\":\"ListItem\",\"position\":2,\"name\":\"Luiz In\u00e1cio Lula da Silva passa por procedimento para retirada de les\u00e3o e recebe alta em S\u00e3o Paulo\"}]},{\"@type\":\"WebSite\",\"@id\":\"https:\\\/\\\/nossapauta.com.br\\\/#website\",\"url\":\"https:\\\/\\\/nossapauta.com.br\\\/\",\"name\":\"Nossa Pauta\",\"description\":\"Seu Portal de not\u00edcias que te atualiza.\",\"publisher\":{\"@id\":\"https:\\\/\\\/nossapauta.com.br\\\/#organization\"},\"alternateName\":\"Portal Nossa Pauta\",\"potentialAction\":[{\"@type\":\"SearchAction\",\"target\":{\"@type\":\"EntryPoint\",\"urlTemplate\":\"https:\\\/\\\/nossapauta.com.br\\\/?s={search_term_string}\"},\"query-input\":{\"@type\":\"PropertyValueSpecification\",\"valueRequired\":true,\"valueName\":\"search_term_string\"}}],\"inLanguage\":\"pt-BR\"},{\"@type\":\"Organization\",\"@id\":\"https:\\\/\\\/nossapauta.com.br\\\/#organization\",\"name\":\"Portal Nossa Pauta\",\"url\":\"https:\\\/\\\/nossapauta.com.br\\\/\",\"logo\":{\"@type\":\"ImageObject\",\"inLanguage\":\"pt-BR\",\"@id\":\"https:\\\/\\\/nossapauta.com.br\\\/#\\\/schema\\\/logo\\\/image\\\/\",\"url\":\"https:\\\/\\\/nossapauta.com.br\\\/wp-content\\\/uploads\\\/2025\\\/10\\\/nossa_pauta_icone.png\",\"contentUrl\":\"https:\\\/\\\/nossapauta.com.br\\\/wp-content\\\/uploads\\\/2025\\\/10\\\/nossa_pauta_icone.png\",\"width\":200,\"height\":186,\"caption\":\"Portal Nossa Pauta\"},\"image\":{\"@id\":\"https:\\\/\\\/nossapauta.com.br\\\/#\\\/schema\\\/logo\\\/image\\\/\"},\"sameAs\":[\"https:\\\/\\\/x.com\\\/NossaPautaNews\",\"https:\\\/\\\/instagram.com\\\/nossa_pauta\"]},{\"@type\":\"Person\",\"@id\":\"https:\\\/\\\/nossapauta.com.br\\\/#\\\/schema\\\/person\\\/d746bb0b099fa23efec4671408b19088\",\"name\":\"Andr\u00e9 Mesquita\",\"image\":{\"@type\":\"ImageObject\",\"inLanguage\":\"pt-BR\",\"@id\":\"https:\\\/\\\/secure.gravatar.com\\\/avatar\\\/176a5646e67d1531cbf999621337619c32919d98f61cca6309822d3466db2a61?s=96&d=mm&r=g\",\"url\":\"https:\\\/\\\/secure.gravatar.com\\\/avatar\\\/176a5646e67d1531cbf999621337619c32919d98f61cca6309822d3466db2a61?s=96&d=mm&r=g\",\"contentUrl\":\"https:\\\/\\\/secure.gravatar.com\\\/avatar\\\/176a5646e67d1531cbf999621337619c32919d98f61cca6309822d3466db2a61?s=96&d=mm&r=g\",\"caption\":\"Andr\u00e9 Mesquita\"},\"url\":\"https:\\\/\\\/nossapauta.com.br\\\/index.php\\\/author\\\/andre\\\/\"}]}<\/script>\n<!-- \/ Yoast SEO plugin. -->","yoast_head_json":{"title":"Luiz In\u00e1cio Lula da Silva passa por procedimento para retirada de les\u00e3o e recebe alta em S\u00e3o Paulo - Portal Nossa Pauta","robots":{"index":"index","follow":"follow","max-snippet":"max-snippet:-1","max-image-preview":"max-image-preview:large","max-video-preview":"max-video-preview:-1"},"canonical":"https:\/\/nossapauta.com.br\/index.php\/2026\/04\/25\/luiz-inacio-lula-da-silva-passa-por-procedimento-para-retirada-de-lesao-e-recebe-alta-em-sao-paulo\/","og_locale":"pt_BR","og_type":"article","og_title":"Luiz In\u00e1cio Lula da Silva passa por procedimento para retirada de les\u00e3o e recebe alta em S\u00e3o Paulo - Portal Nossa Pauta","og_description":"Presidente Lula","og_url":"https:\/\/nossapauta.com.br\/index.php\/2026\/04\/25\/luiz-inacio-lula-da-silva-passa-por-procedimento-para-retirada-de-lesao-e-recebe-alta-em-sao-paulo\/","og_site_name":"Portal Nossa Pauta","article_published_time":"2026-04-25T13:29:40+00:00","article_modified_time":"2026-04-25T13:29:42+00:00","og_image":[{"width":1772,"height":1329,"url":"https:\/\/nossapauta.com.br\/wp-content\/uploads\/2026\/04\/luiz-inacio-lula-da-silva-em-entrevista-com-reinaldo-azevedo-1624870405919_v2_4x3-1.jpg","type":"image\/jpeg"}],"author":"Andr\u00e9 Mesquita","twitter_card":"summary_large_image","twitter_creator":"@NossaPautaNews","twitter_site":"@NossaPautaNews","twitter_misc":{"Escrito por":"Andr\u00e9 Mesquita","Est. tempo de leitura":"2 minutos"},"schema":{"@context":"https:\/\/schema.org","@graph":[{"@type":"Article","@id":"https:\/\/nossapauta.com.br\/index.php\/2026\/04\/25\/luiz-inacio-lula-da-silva-passa-por-procedimento-para-retirada-de-lesao-e-recebe-alta-em-sao-paulo\/#article","isPartOf":{"@id":"https:\/\/nossapauta.com.br\/index.php\/2026\/04\/25\/luiz-inacio-lula-da-silva-passa-por-procedimento-para-retirada-de-lesao-e-recebe-alta-em-sao-paulo\/"},"author":{"name":"Andr\u00e9 Mesquita","@id":"https:\/\/nossapauta.com.br\/#\/schema\/person\/d746bb0b099fa23efec4671408b19088"},"headline":"Luiz In\u00e1cio Lula da Silva passa por procedimento para retirada de les\u00e3o e recebe alta em S\u00e3o Paulo","datePublished":"2026-04-25T13:29:40+00:00","dateModified":"2026-04-25T13:29:42+00:00","mainEntityOfPage":{"@id":"https:\/\/nossapauta.com.br\/index.php\/2026\/04\/25\/luiz-inacio-lula-da-silva-passa-por-procedimento-para-retirada-de-lesao-e-recebe-alta-em-sao-paulo\/"},"wordCount":231,"commentCount":0,"publisher":{"@id":"https:\/\/nossapauta.com.br\/#organization"},"image":{"@id":"https:\/\/nossapauta.com.br\/index.php\/2026\/04\/25\/luiz-inacio-lula-da-silva-passa-por-procedimento-para-retirada-de-lesao-e-recebe-alta-em-sao-paulo\/#primaryimage"},"thumbnailUrl":"https:\/\/nossapauta.com.br\/wp-content\/uploads\/2026\/04\/luiz-inacio-lula-da-silva-em-entrevista-com-reinaldo-azevedo-1624870405919_v2_4x3-1.jpg","articleSection":["Destaques","Geral","Not\u00edcias"],"inLanguage":"pt-BR","potentialAction":[{"@type":"CommentAction","name":"Comment","target":["https:\/\/nossapauta.com.br\/index.php\/2026\/04\/25\/luiz-inacio-lula-da-silva-passa-por-procedimento-para-retirada-de-lesao-e-recebe-alta-em-sao-paulo\/#respond"]}]},{"@type":"WebPage","@id":"https:\/\/nossapauta.com.br\/index.php\/2026\/04\/25\/luiz-inacio-lula-da-silva-passa-por-procedimento-para-retirada-de-lesao-e-recebe-alta-em-sao-paulo\/","url":"https:\/\/nossapauta.com.br\/index.php\/2026\/04\/25\/luiz-inacio-lula-da-silva-passa-por-procedimento-para-retirada-de-lesao-e-recebe-alta-em-sao-paulo\/","name":"Luiz In\u00e1cio Lula da Silva passa por procedimento para retirada de les\u00e3o e recebe alta em S\u00e3o Paulo - Portal Nossa Pauta","isPartOf":{"@id":"https:\/\/nossapauta.com.br\/#website"},"primaryImageOfPage":{"@id":"https:\/\/nossapauta.com.br\/index.php\/2026\/04\/25\/luiz-inacio-lula-da-silva-passa-por-procedimento-para-retirada-de-lesao-e-recebe-alta-em-sao-paulo\/#primaryimage"},"image":{"@id":"https:\/\/nossapauta.com.br\/index.php\/2026\/04\/25\/luiz-inacio-lula-da-silva-passa-por-procedimento-para-retirada-de-lesao-e-recebe-alta-em-sao-paulo\/#primaryimage"},"thumbnailUrl":"https:\/\/nossapauta.com.br\/wp-content\/uploads\/2026\/04\/luiz-inacio-lula-da-silva-em-entrevista-com-reinaldo-azevedo-1624870405919_v2_4x3-1.jpg","datePublished":"2026-04-25T13:29:40+00:00","dateModified":"2026-04-25T13:29:42+00:00","breadcrumb":{"@id":"https:\/\/nossapauta.com.br\/index.php\/2026\/04\/25\/luiz-inacio-lula-da-silva-passa-por-procedimento-para-retirada-de-lesao-e-recebe-alta-em-sao-paulo\/#breadcrumb"},"inLanguage":"pt-BR","potentialAction":[{"@type":"ReadAction","target":["https:\/\/nossapauta.com.br\/index.php\/2026\/04\/25\/luiz-inacio-lula-da-silva-passa-por-procedimento-para-retirada-de-lesao-e-recebe-alta-em-sao-paulo\/"]}]},{"@type":"ImageObject","inLanguage":"pt-BR","@id":"https:\/\/nossapauta.com.br\/index.php\/2026\/04\/25\/luiz-inacio-lula-da-silva-passa-por-procedimento-para-retirada-de-lesao-e-recebe-alta-em-sao-paulo\/#primaryimage","url":"https:\/\/nossapauta.com.br\/wp-content\/uploads\/2026\/04\/luiz-inacio-lula-da-silva-em-entrevista-com-reinaldo-azevedo-1624870405919_v2_4x3-1.jpg","contentUrl":"https:\/\/nossapauta.com.br\/wp-content\/uploads\/2026\/04\/luiz-inacio-lula-da-silva-em-entrevista-com-reinaldo-azevedo-1624870405919_v2_4x3-1.jpg","width":1772,"height":1329},{"@type":"BreadcrumbList","@id":"https:\/\/nossapauta.com.br\/index.php\/2026\/04\/25\/luiz-inacio-lula-da-silva-passa-por-procedimento-para-retirada-de-lesao-e-recebe-alta-em-sao-paulo\/#breadcrumb","itemListElement":[{"@type":"ListItem","position":1,"name":"In\u00edcio","item":"https:\/\/nossapauta.com.br\/"},{"@type":"ListItem","position":2,"name":"Luiz In\u00e1cio Lula da Silva passa por procedimento para retirada de les\u00e3o e recebe alta em S\u00e3o Paulo"}]},{"@type":"WebSite","@id":"https:\/\/nossapauta.com.br\/#website","url":"https:\/\/nossapauta.com.br\/","name":"Nossa Pauta","description":"Seu Portal de not\u00edcias que te atualiza.","publisher":{"@id":"https:\/\/nossapauta.com.br\/#organization"},"alternateName":"Portal Nossa Pauta","potentialAction":[{"@type":"SearchAction","target":{"@type":"EntryPoint","urlTemplate":"https:\/\/nossapauta.com.br\/?s={search_term_string}"},"query-input":{"@type":"PropertyValueSpecification","valueRequired":true,"valueName":"search_term_string"}}],"inLanguage":"pt-BR"},{"@type":"Organization","@id":"https:\/\/nossapauta.com.br\/#organization","name":"Portal Nossa Pauta","url":"https:\/\/nossapauta.com.br\/","logo":{"@type":"ImageObject","inLanguage":"pt-BR","@id":"https:\/\/nossapauta.com.br\/#\/schema\/logo\/image\/","url":"https:\/\/nossapauta.com.br\/wp-content\/uploads\/2025\/10\/nossa_pauta_icone.png","contentUrl":"https:\/\/nossapauta.com.br\/wp-content\/uploads\/2025\/10\/nossa_pauta_icone.png","width":200,"height":186,"caption":"Portal Nossa Pauta"},"image":{"@id":"https:\/\/nossapauta.com.br\/#\/schema\/logo\/image\/"},"sameAs":["https:\/\/x.com\/NossaPautaNews","https:\/\/instagram.com\/nossa_pauta"]},{"@type":"Person","@id":"https:\/\/nossapauta.com.br\/#\/schema\/person\/d746bb0b099fa23efec4671408b19088","name":"Andr\u00e9 Mesquita","image":{"@type":"ImageObject","inLanguage":"pt-BR","@id":"https:\/\/secure.gravatar.com\/avatar\/176a5646e67d1531cbf999621337619c32919d98f61cca6309822d3466db2a61?s=96&d=mm&r=g","url":"https:\/\/secure.gravatar.com\/avatar\/176a5646e67d1531cbf999621337619c32919d98f61cca6309822d3466db2a61?s=96&d=mm&r=g","contentUrl":"https:\/\/secure.gravatar.com\/avatar\/176a5646e67d1531cbf999621337619c32919d98f61cca6309822d3466db2a61?s=96&d=mm&r=g","caption":"Andr\u00e9 Mesquita"},"url":"https:\/\/nossapauta.com.br\/index.php\/author\/andre\/"}]}},"_links":{"self":[{"href":"https:\/\/nossapauta.com.br\/index.php\/wp-json\/wp\/v2\/posts\/1970","targetHints":{"allow":["GET"]}}],"collection":[{"href":"https:\/\/nossapauta.com.br\/index.php\/wp-json\/wp\/v2\/posts"}],"about":[{"href":"https:\/\/nossapauta.com.br\/index.php\/wp-json\/wp\/v2\/types\/post"}],"author":[{"embeddable":true,"href":"https:\/\/nossapauta.com.br\/index.php\/wp-json\/wp\/v2\/users\/2"}],"replies":[{"embeddable":true,"href":"https:\/\/nossapauta.com.br\/index.php\/wp-json\/wp\/v2\/comments?post=1970"}],"version-history":[{"count":1,"href":"https:\/\/nossapauta.com.br\/index.php\/wp-json\/wp\/v2\/posts\/1970\/revisions"}],"predecessor-version":[{"id":1972,"href":"https:\/\/nossapauta.com.br\/index.php\/wp-json\/wp\/v2\/posts\/1970\/revisions\/1972"}],"wp:featuredmedia":[{"embeddable":true,"href":"https:\/\/nossapauta.com.br\/index.php\/wp-json\/wp\/v2\/media\/1971"}],"wp:attachment":[{"href":"https:\/\/nossapauta.com.br\/index.php\/wp-json\/wp\/v2\/media?parent=1970"}],"wp:term":[{"taxonomy":"category","embeddable":true,"href":"https:\/\/nossapauta.com.br\/index.php\/wp-json\/wp\/v2\/categories?post=1970"},{"taxonomy":"post_tag","embeddable":true,"href":"https:\/\/nossapauta.com.br\/index.php\/wp-json\/wp\/v2\/tags?post=1970"}],"curies":[{"name":"wp","href":"https:\/\/api.w.org\/{rel}","templated":true}]}}