{"id":1963,"date":"2026-04-25T00:56:03","date_gmt":"2026-04-25T03:56:03","guid":{"rendered":"https:\/\/nossapauta.com.br\/?p=1963"},"modified":"2026-04-25T00:56:05","modified_gmt":"2026-04-25T03:56:05","slug":"crise-institucional-no-rio-de-janeiro-expoe-disputa-de-poder-e-papel-do-stf-na-garantia-da-estabilidade","status":"publish","type":"post","link":"https:\/\/nossapauta.com.br\/index.php\/2026\/04\/25\/crise-institucional-no-rio-de-janeiro-expoe-disputa-de-poder-e-papel-do-stf-na-garantia-da-estabilidade\/","title":{"rendered":"Crise institucional no Rio de Janeiro exp\u00f5e disputa de poder e papel do STF na garantia da estabilidade"},"content":{"rendered":"\n<p>A decis\u00e3o do ministro Cristiano Zanin, do Supremo Tribunal Federal, de manter o presidente do Tribunal de Justi\u00e7a do Rio de Janeiro, Ricardo Couto de Castro, no comando interino do governo fluminense, evidencia mais do que uma disputa jur\u00eddica pontual: revela a complexidade institucional que se instala quando h\u00e1 vac\u00e2ncia no poder Executivo em meio a diverg\u00eancias pol\u00edticas.<br>Ao barrar a tentativa da Assembleia Legislativa do Estado do Rio de Janeiro de conduzir seu novo presidente, Douglas Ruas, ao Pal\u00e1cio Guanabara, o STF refor\u00e7a a centralidade do Judici\u00e1rio como \u00e1rbitro em momentos de instabilidade. A medida n\u00e3o apenas preserva a continuidade administrativa, como tamb\u00e9m evita uma altern\u00e2ncia precipitada no comando do estado, que poderia aprofundar incertezas pol\u00edticas e jur\u00eddicas.<br>O pano de fundo da decis\u00e3o est\u00e1 na indefini\u00e7\u00e3o sobre o modelo de elei\u00e7\u00e3o a ser adotado diante da sa\u00edda do ent\u00e3o governador Cl\u00e1udio Castro. A discuss\u00e3o entre elei\u00e7\u00e3o direta ou indireta carrega implica\u00e7\u00f5es que v\u00e3o al\u00e9m do rito constitucional: envolve interesses pol\u00edticos, prazos eleitorais e a pr\u00f3pria legitimidade do futuro mandat\u00e1rio.<br>Nesse cen\u00e1rio, a manuten\u00e7\u00e3o provis\u00f3ria do chefe do Judici\u00e1rio \u00e0 frente do Executivo surge como uma solu\u00e7\u00e3o institucional de conten\u00e7\u00e3o, enquanto o Supremo ainda n\u00e3o define, de forma definitiva, os rumos da sucess\u00e3o estadual. O desfecho do caso tende a estabelecer um precedente relevante sobre como lidar com situa\u00e7\u00f5es semelhantes no futuro, especialmente em contextos de alta tens\u00e3o pol\u00edtica.<\/p>\n\n\n\n<p><\/p>\n","protected":false},"excerpt":{"rendered":"<p>A decis\u00e3o do ministro Cristiano Zanin, do Supremo Tribunal Federal, de manter o presidente do<\/p>\n","protected":false},"author":2,"featured_media":1964,"comment_status":"open","ping_status":"open","sticky":false,"template":"","format":"standard","meta":{"footnotes":""},"categories":[17,13],"tags":[],"class_list":["post-1963","post","type-post","status-publish","format-standard","has-post-thumbnail","hentry","category-destaques","category-noticias"],"yoast_head":"<!-- This site is optimized with the Yoast SEO plugin v27.3 - https:\/\/yoast.com\/product\/yoast-seo-wordpress\/ -->\n<title>Crise institucional no Rio de Janeiro exp\u00f5e disputa de poder e papel do STF na garantia da estabilidade - Portal Nossa Pauta<\/title>\n<meta name=\"robots\" content=\"index, follow, max-snippet:-1, max-image-preview:large, max-video-preview:-1\" \/>\n<link rel=\"canonical\" href=\"https:\/\/nossapauta.com.br\/index.php\/2026\/04\/25\/crise-institucional-no-rio-de-janeiro-expoe-disputa-de-poder-e-papel-do-stf-na-garantia-da-estabilidade\/\" \/>\n<meta property=\"og:locale\" content=\"pt_BR\" \/>\n<meta property=\"og:type\" content=\"article\" \/>\n<meta property=\"og:title\" content=\"Crise institucional no Rio de Janeiro exp\u00f5e disputa de poder e papel do STF na garantia da estabilidade - Portal Nossa Pauta\" \/>\n<meta property=\"og:description\" content=\"A decis\u00e3o do ministro Cristiano Zanin, do Supremo Tribunal Federal, de manter o presidente do\" \/>\n<meta property=\"og:url\" content=\"https:\/\/nossapauta.com.br\/index.php\/2026\/04\/25\/crise-institucional-no-rio-de-janeiro-expoe-disputa-de-poder-e-papel-do-stf-na-garantia-da-estabilidade\/\" \/>\n<meta property=\"og:site_name\" content=\"Portal Nossa Pauta\" \/>\n<meta property=\"article:published_time\" content=\"2026-04-25T03:56:03+00:00\" \/>\n<meta property=\"article:modified_time\" content=\"2026-04-25T03:56:05+00:00\" \/>\n<meta property=\"og:image\" content=\"https:\/\/nossapauta.com.br\/wp-content\/uploads\/2026\/04\/rj2-limpo-20241125-1830-frame-100500.jpeg\" \/>\n\t<meta property=\"og:image:width\" content=\"984\" \/>\n\t<meta property=\"og:image:height\" content=\"554\" \/>\n\t<meta property=\"og:image:type\" content=\"image\/jpeg\" \/>\n<meta name=\"author\" content=\"Andr\u00e9 Mesquita\" \/>\n<meta name=\"twitter:card\" content=\"summary_large_image\" \/>\n<meta name=\"twitter:creator\" content=\"@NossaPautaNews\" \/>\n<meta name=\"twitter:site\" content=\"@NossaPautaNews\" \/>\n<meta name=\"twitter:label1\" content=\"Escrito por\" \/>\n\t<meta name=\"twitter:data1\" content=\"Andr\u00e9 Mesquita\" \/>\n\t<meta name=\"twitter:label2\" content=\"Est. tempo de leitura\" \/>\n\t<meta name=\"twitter:data2\" content=\"2 minutos\" \/>\n<script type=\"application\/ld+json\" class=\"yoast-schema-graph\">{\"@context\":\"https:\\\/\\\/schema.org\",\"@graph\":[{\"@type\":\"Article\",\"@id\":\"https:\\\/\\\/nossapauta.com.br\\\/index.php\\\/2026\\\/04\\\/25\\\/crise-institucional-no-rio-de-janeiro-expoe-disputa-de-poder-e-papel-do-stf-na-garantia-da-estabilidade\\\/#article\",\"isPartOf\":{\"@id\":\"https:\\\/\\\/nossapauta.com.br\\\/index.php\\\/2026\\\/04\\\/25\\\/crise-institucional-no-rio-de-janeiro-expoe-disputa-de-poder-e-papel-do-stf-na-garantia-da-estabilidade\\\/\"},\"author\":{\"name\":\"Andr\u00e9 Mesquita\",\"@id\":\"https:\\\/\\\/nossapauta.com.br\\\/#\\\/schema\\\/person\\\/d746bb0b099fa23efec4671408b19088\"},\"headline\":\"Crise institucional no Rio de Janeiro exp\u00f5e disputa de poder e papel do STF na garantia da estabilidade\",\"datePublished\":\"2026-04-25T03:56:03+00:00\",\"dateModified\":\"2026-04-25T03:56:05+00:00\",\"mainEntityOfPage\":{\"@id\":\"https:\\\/\\\/nossapauta.com.br\\\/index.php\\\/2026\\\/04\\\/25\\\/crise-institucional-no-rio-de-janeiro-expoe-disputa-de-poder-e-papel-do-stf-na-garantia-da-estabilidade\\\/\"},\"wordCount\":287,\"commentCount\":0,\"publisher\":{\"@id\":\"https:\\\/\\\/nossapauta.com.br\\\/#organization\"},\"image\":{\"@id\":\"https:\\\/\\\/nossapauta.com.br\\\/index.php\\\/2026\\\/04\\\/25\\\/crise-institucional-no-rio-de-janeiro-expoe-disputa-de-poder-e-papel-do-stf-na-garantia-da-estabilidade\\\/#primaryimage\"},\"thumbnailUrl\":\"https:\\\/\\\/nossapauta.com.br\\\/wp-content\\\/uploads\\\/2026\\\/04\\\/rj2-limpo-20241125-1830-frame-100500.jpeg\",\"articleSection\":[\"Destaques\",\"Not\u00edcias\"],\"inLanguage\":\"pt-BR\",\"potentialAction\":[{\"@type\":\"CommentAction\",\"name\":\"Comment\",\"target\":[\"https:\\\/\\\/nossapauta.com.br\\\/index.php\\\/2026\\\/04\\\/25\\\/crise-institucional-no-rio-de-janeiro-expoe-disputa-de-poder-e-papel-do-stf-na-garantia-da-estabilidade\\\/#respond\"]}]},{\"@type\":\"WebPage\",\"@id\":\"https:\\\/\\\/nossapauta.com.br\\\/index.php\\\/2026\\\/04\\\/25\\\/crise-institucional-no-rio-de-janeiro-expoe-disputa-de-poder-e-papel-do-stf-na-garantia-da-estabilidade\\\/\",\"url\":\"https:\\\/\\\/nossapauta.com.br\\\/index.php\\\/2026\\\/04\\\/25\\\/crise-institucional-no-rio-de-janeiro-expoe-disputa-de-poder-e-papel-do-stf-na-garantia-da-estabilidade\\\/\",\"name\":\"Crise institucional no Rio de Janeiro exp\u00f5e disputa de poder e papel do STF na garantia da estabilidade - Portal Nossa Pauta\",\"isPartOf\":{\"@id\":\"https:\\\/\\\/nossapauta.com.br\\\/#website\"},\"primaryImageOfPage\":{\"@id\":\"https:\\\/\\\/nossapauta.com.br\\\/index.php\\\/2026\\\/04\\\/25\\\/crise-institucional-no-rio-de-janeiro-expoe-disputa-de-poder-e-papel-do-stf-na-garantia-da-estabilidade\\\/#primaryimage\"},\"image\":{\"@id\":\"https:\\\/\\\/nossapauta.com.br\\\/index.php\\\/2026\\\/04\\\/25\\\/crise-institucional-no-rio-de-janeiro-expoe-disputa-de-poder-e-papel-do-stf-na-garantia-da-estabilidade\\\/#primaryimage\"},\"thumbnailUrl\":\"https:\\\/\\\/nossapauta.com.br\\\/wp-content\\\/uploads\\\/2026\\\/04\\\/rj2-limpo-20241125-1830-frame-100500.jpeg\",\"datePublished\":\"2026-04-25T03:56:03+00:00\",\"dateModified\":\"2026-04-25T03:56:05+00:00\",\"breadcrumb\":{\"@id\":\"https:\\\/\\\/nossapauta.com.br\\\/index.php\\\/2026\\\/04\\\/25\\\/crise-institucional-no-rio-de-janeiro-expoe-disputa-de-poder-e-papel-do-stf-na-garantia-da-estabilidade\\\/#breadcrumb\"},\"inLanguage\":\"pt-BR\",\"potentialAction\":[{\"@type\":\"ReadAction\",\"target\":[\"https:\\\/\\\/nossapauta.com.br\\\/index.php\\\/2026\\\/04\\\/25\\\/crise-institucional-no-rio-de-janeiro-expoe-disputa-de-poder-e-papel-do-stf-na-garantia-da-estabilidade\\\/\"]}]},{\"@type\":\"ImageObject\",\"inLanguage\":\"pt-BR\",\"@id\":\"https:\\\/\\\/nossapauta.com.br\\\/index.php\\\/2026\\\/04\\\/25\\\/crise-institucional-no-rio-de-janeiro-expoe-disputa-de-poder-e-papel-do-stf-na-garantia-da-estabilidade\\\/#primaryimage\",\"url\":\"https:\\\/\\\/nossapauta.com.br\\\/wp-content\\\/uploads\\\/2026\\\/04\\\/rj2-limpo-20241125-1830-frame-100500.jpeg\",\"contentUrl\":\"https:\\\/\\\/nossapauta.com.br\\\/wp-content\\\/uploads\\\/2026\\\/04\\\/rj2-limpo-20241125-1830-frame-100500.jpeg\",\"width\":984,\"height\":554},{\"@type\":\"BreadcrumbList\",\"@id\":\"https:\\\/\\\/nossapauta.com.br\\\/index.php\\\/2026\\\/04\\\/25\\\/crise-institucional-no-rio-de-janeiro-expoe-disputa-de-poder-e-papel-do-stf-na-garantia-da-estabilidade\\\/#breadcrumb\",\"itemListElement\":[{\"@type\":\"ListItem\",\"position\":1,\"name\":\"In\u00edcio\",\"item\":\"https:\\\/\\\/nossapauta.com.br\\\/\"},{\"@type\":\"ListItem\",\"position\":2,\"name\":\"Crise institucional no Rio de Janeiro exp\u00f5e disputa de poder e papel do STF na garantia da estabilidade\"}]},{\"@type\":\"WebSite\",\"@id\":\"https:\\\/\\\/nossapauta.com.br\\\/#website\",\"url\":\"https:\\\/\\\/nossapauta.com.br\\\/\",\"name\":\"Nossa Pauta\",\"description\":\"Seu Portal de not\u00edcias que te atualiza.\",\"publisher\":{\"@id\":\"https:\\\/\\\/nossapauta.com.br\\\/#organization\"},\"alternateName\":\"Portal Nossa Pauta\",\"potentialAction\":[{\"@type\":\"SearchAction\",\"target\":{\"@type\":\"EntryPoint\",\"urlTemplate\":\"https:\\\/\\\/nossapauta.com.br\\\/?s={search_term_string}\"},\"query-input\":{\"@type\":\"PropertyValueSpecification\",\"valueRequired\":true,\"valueName\":\"search_term_string\"}}],\"inLanguage\":\"pt-BR\"},{\"@type\":\"Organization\",\"@id\":\"https:\\\/\\\/nossapauta.com.br\\\/#organization\",\"name\":\"Portal Nossa Pauta\",\"url\":\"https:\\\/\\\/nossapauta.com.br\\\/\",\"logo\":{\"@type\":\"ImageObject\",\"inLanguage\":\"pt-BR\",\"@id\":\"https:\\\/\\\/nossapauta.com.br\\\/#\\\/schema\\\/logo\\\/image\\\/\",\"url\":\"https:\\\/\\\/nossapauta.com.br\\\/wp-content\\\/uploads\\\/2025\\\/10\\\/nossa_pauta_icone.png\",\"contentUrl\":\"https:\\\/\\\/nossapauta.com.br\\\/wp-content\\\/uploads\\\/2025\\\/10\\\/nossa_pauta_icone.png\",\"width\":200,\"height\":186,\"caption\":\"Portal Nossa Pauta\"},\"image\":{\"@id\":\"https:\\\/\\\/nossapauta.com.br\\\/#\\\/schema\\\/logo\\\/image\\\/\"},\"sameAs\":[\"https:\\\/\\\/x.com\\\/NossaPautaNews\",\"https:\\\/\\\/instagram.com\\\/nossa_pauta\"]},{\"@type\":\"Person\",\"@id\":\"https:\\\/\\\/nossapauta.com.br\\\/#\\\/schema\\\/person\\\/d746bb0b099fa23efec4671408b19088\",\"name\":\"Andr\u00e9 Mesquita\",\"image\":{\"@type\":\"ImageObject\",\"inLanguage\":\"pt-BR\",\"@id\":\"https:\\\/\\\/secure.gravatar.com\\\/avatar\\\/176a5646e67d1531cbf999621337619c32919d98f61cca6309822d3466db2a61?s=96&d=mm&r=g\",\"url\":\"https:\\\/\\\/secure.gravatar.com\\\/avatar\\\/176a5646e67d1531cbf999621337619c32919d98f61cca6309822d3466db2a61?s=96&d=mm&r=g\",\"contentUrl\":\"https:\\\/\\\/secure.gravatar.com\\\/avatar\\\/176a5646e67d1531cbf999621337619c32919d98f61cca6309822d3466db2a61?s=96&d=mm&r=g\",\"caption\":\"Andr\u00e9 Mesquita\"},\"url\":\"https:\\\/\\\/nossapauta.com.br\\\/index.php\\\/author\\\/andre\\\/\"}]}<\/script>\n<!-- \/ Yoast SEO plugin. -->","yoast_head_json":{"title":"Crise institucional no Rio de Janeiro exp\u00f5e disputa de poder e papel do STF na garantia da estabilidade - Portal Nossa Pauta","robots":{"index":"index","follow":"follow","max-snippet":"max-snippet:-1","max-image-preview":"max-image-preview:large","max-video-preview":"max-video-preview:-1"},"canonical":"https:\/\/nossapauta.com.br\/index.php\/2026\/04\/25\/crise-institucional-no-rio-de-janeiro-expoe-disputa-de-poder-e-papel-do-stf-na-garantia-da-estabilidade\/","og_locale":"pt_BR","og_type":"article","og_title":"Crise institucional no Rio de Janeiro exp\u00f5e disputa de poder e papel do STF na garantia da estabilidade - Portal Nossa Pauta","og_description":"A decis\u00e3o do ministro Cristiano Zanin, do Supremo Tribunal Federal, de manter o presidente do","og_url":"https:\/\/nossapauta.com.br\/index.php\/2026\/04\/25\/crise-institucional-no-rio-de-janeiro-expoe-disputa-de-poder-e-papel-do-stf-na-garantia-da-estabilidade\/","og_site_name":"Portal Nossa Pauta","article_published_time":"2026-04-25T03:56:03+00:00","article_modified_time":"2026-04-25T03:56:05+00:00","og_image":[{"width":984,"height":554,"url":"https:\/\/nossapauta.com.br\/wp-content\/uploads\/2026\/04\/rj2-limpo-20241125-1830-frame-100500.jpeg","type":"image\/jpeg"}],"author":"Andr\u00e9 Mesquita","twitter_card":"summary_large_image","twitter_creator":"@NossaPautaNews","twitter_site":"@NossaPautaNews","twitter_misc":{"Escrito por":"Andr\u00e9 Mesquita","Est. tempo de leitura":"2 minutos"},"schema":{"@context":"https:\/\/schema.org","@graph":[{"@type":"Article","@id":"https:\/\/nossapauta.com.br\/index.php\/2026\/04\/25\/crise-institucional-no-rio-de-janeiro-expoe-disputa-de-poder-e-papel-do-stf-na-garantia-da-estabilidade\/#article","isPartOf":{"@id":"https:\/\/nossapauta.com.br\/index.php\/2026\/04\/25\/crise-institucional-no-rio-de-janeiro-expoe-disputa-de-poder-e-papel-do-stf-na-garantia-da-estabilidade\/"},"author":{"name":"Andr\u00e9 Mesquita","@id":"https:\/\/nossapauta.com.br\/#\/schema\/person\/d746bb0b099fa23efec4671408b19088"},"headline":"Crise institucional no Rio de Janeiro exp\u00f5e disputa de poder e papel do STF na garantia da estabilidade","datePublished":"2026-04-25T03:56:03+00:00","dateModified":"2026-04-25T03:56:05+00:00","mainEntityOfPage":{"@id":"https:\/\/nossapauta.com.br\/index.php\/2026\/04\/25\/crise-institucional-no-rio-de-janeiro-expoe-disputa-de-poder-e-papel-do-stf-na-garantia-da-estabilidade\/"},"wordCount":287,"commentCount":0,"publisher":{"@id":"https:\/\/nossapauta.com.br\/#organization"},"image":{"@id":"https:\/\/nossapauta.com.br\/index.php\/2026\/04\/25\/crise-institucional-no-rio-de-janeiro-expoe-disputa-de-poder-e-papel-do-stf-na-garantia-da-estabilidade\/#primaryimage"},"thumbnailUrl":"https:\/\/nossapauta.com.br\/wp-content\/uploads\/2026\/04\/rj2-limpo-20241125-1830-frame-100500.jpeg","articleSection":["Destaques","Not\u00edcias"],"inLanguage":"pt-BR","potentialAction":[{"@type":"CommentAction","name":"Comment","target":["https:\/\/nossapauta.com.br\/index.php\/2026\/04\/25\/crise-institucional-no-rio-de-janeiro-expoe-disputa-de-poder-e-papel-do-stf-na-garantia-da-estabilidade\/#respond"]}]},{"@type":"WebPage","@id":"https:\/\/nossapauta.com.br\/index.php\/2026\/04\/25\/crise-institucional-no-rio-de-janeiro-expoe-disputa-de-poder-e-papel-do-stf-na-garantia-da-estabilidade\/","url":"https:\/\/nossapauta.com.br\/index.php\/2026\/04\/25\/crise-institucional-no-rio-de-janeiro-expoe-disputa-de-poder-e-papel-do-stf-na-garantia-da-estabilidade\/","name":"Crise institucional no Rio de Janeiro exp\u00f5e disputa de poder e papel do STF na garantia da estabilidade - Portal Nossa Pauta","isPartOf":{"@id":"https:\/\/nossapauta.com.br\/#website"},"primaryImageOfPage":{"@id":"https:\/\/nossapauta.com.br\/index.php\/2026\/04\/25\/crise-institucional-no-rio-de-janeiro-expoe-disputa-de-poder-e-papel-do-stf-na-garantia-da-estabilidade\/#primaryimage"},"image":{"@id":"https:\/\/nossapauta.com.br\/index.php\/2026\/04\/25\/crise-institucional-no-rio-de-janeiro-expoe-disputa-de-poder-e-papel-do-stf-na-garantia-da-estabilidade\/#primaryimage"},"thumbnailUrl":"https:\/\/nossapauta.com.br\/wp-content\/uploads\/2026\/04\/rj2-limpo-20241125-1830-frame-100500.jpeg","datePublished":"2026-04-25T03:56:03+00:00","dateModified":"2026-04-25T03:56:05+00:00","breadcrumb":{"@id":"https:\/\/nossapauta.com.br\/index.php\/2026\/04\/25\/crise-institucional-no-rio-de-janeiro-expoe-disputa-de-poder-e-papel-do-stf-na-garantia-da-estabilidade\/#breadcrumb"},"inLanguage":"pt-BR","potentialAction":[{"@type":"ReadAction","target":["https:\/\/nossapauta.com.br\/index.php\/2026\/04\/25\/crise-institucional-no-rio-de-janeiro-expoe-disputa-de-poder-e-papel-do-stf-na-garantia-da-estabilidade\/"]}]},{"@type":"ImageObject","inLanguage":"pt-BR","@id":"https:\/\/nossapauta.com.br\/index.php\/2026\/04\/25\/crise-institucional-no-rio-de-janeiro-expoe-disputa-de-poder-e-papel-do-stf-na-garantia-da-estabilidade\/#primaryimage","url":"https:\/\/nossapauta.com.br\/wp-content\/uploads\/2026\/04\/rj2-limpo-20241125-1830-frame-100500.jpeg","contentUrl":"https:\/\/nossapauta.com.br\/wp-content\/uploads\/2026\/04\/rj2-limpo-20241125-1830-frame-100500.jpeg","width":984,"height":554},{"@type":"BreadcrumbList","@id":"https:\/\/nossapauta.com.br\/index.php\/2026\/04\/25\/crise-institucional-no-rio-de-janeiro-expoe-disputa-de-poder-e-papel-do-stf-na-garantia-da-estabilidade\/#breadcrumb","itemListElement":[{"@type":"ListItem","position":1,"name":"In\u00edcio","item":"https:\/\/nossapauta.com.br\/"},{"@type":"ListItem","position":2,"name":"Crise institucional no Rio de Janeiro exp\u00f5e disputa de poder e papel do STF na garantia da estabilidade"}]},{"@type":"WebSite","@id":"https:\/\/nossapauta.com.br\/#website","url":"https:\/\/nossapauta.com.br\/","name":"Nossa Pauta","description":"Seu Portal de not\u00edcias que te atualiza.","publisher":{"@id":"https:\/\/nossapauta.com.br\/#organization"},"alternateName":"Portal Nossa Pauta","potentialAction":[{"@type":"SearchAction","target":{"@type":"EntryPoint","urlTemplate":"https:\/\/nossapauta.com.br\/?s={search_term_string}"},"query-input":{"@type":"PropertyValueSpecification","valueRequired":true,"valueName":"search_term_string"}}],"inLanguage":"pt-BR"},{"@type":"Organization","@id":"https:\/\/nossapauta.com.br\/#organization","name":"Portal Nossa Pauta","url":"https:\/\/nossapauta.com.br\/","logo":{"@type":"ImageObject","inLanguage":"pt-BR","@id":"https:\/\/nossapauta.com.br\/#\/schema\/logo\/image\/","url":"https:\/\/nossapauta.com.br\/wp-content\/uploads\/2025\/10\/nossa_pauta_icone.png","contentUrl":"https:\/\/nossapauta.com.br\/wp-content\/uploads\/2025\/10\/nossa_pauta_icone.png","width":200,"height":186,"caption":"Portal Nossa Pauta"},"image":{"@id":"https:\/\/nossapauta.com.br\/#\/schema\/logo\/image\/"},"sameAs":["https:\/\/x.com\/NossaPautaNews","https:\/\/instagram.com\/nossa_pauta"]},{"@type":"Person","@id":"https:\/\/nossapauta.com.br\/#\/schema\/person\/d746bb0b099fa23efec4671408b19088","name":"Andr\u00e9 Mesquita","image":{"@type":"ImageObject","inLanguage":"pt-BR","@id":"https:\/\/secure.gravatar.com\/avatar\/176a5646e67d1531cbf999621337619c32919d98f61cca6309822d3466db2a61?s=96&d=mm&r=g","url":"https:\/\/secure.gravatar.com\/avatar\/176a5646e67d1531cbf999621337619c32919d98f61cca6309822d3466db2a61?s=96&d=mm&r=g","contentUrl":"https:\/\/secure.gravatar.com\/avatar\/176a5646e67d1531cbf999621337619c32919d98f61cca6309822d3466db2a61?s=96&d=mm&r=g","caption":"Andr\u00e9 Mesquita"},"url":"https:\/\/nossapauta.com.br\/index.php\/author\/andre\/"}]}},"_links":{"self":[{"href":"https:\/\/nossapauta.com.br\/index.php\/wp-json\/wp\/v2\/posts\/1963","targetHints":{"allow":["GET"]}}],"collection":[{"href":"https:\/\/nossapauta.com.br\/index.php\/wp-json\/wp\/v2\/posts"}],"about":[{"href":"https:\/\/nossapauta.com.br\/index.php\/wp-json\/wp\/v2\/types\/post"}],"author":[{"embeddable":true,"href":"https:\/\/nossapauta.com.br\/index.php\/wp-json\/wp\/v2\/users\/2"}],"replies":[{"embeddable":true,"href":"https:\/\/nossapauta.com.br\/index.php\/wp-json\/wp\/v2\/comments?post=1963"}],"version-history":[{"count":1,"href":"https:\/\/nossapauta.com.br\/index.php\/wp-json\/wp\/v2\/posts\/1963\/revisions"}],"predecessor-version":[{"id":1965,"href":"https:\/\/nossapauta.com.br\/index.php\/wp-json\/wp\/v2\/posts\/1963\/revisions\/1965"}],"wp:featuredmedia":[{"embeddable":true,"href":"https:\/\/nossapauta.com.br\/index.php\/wp-json\/wp\/v2\/media\/1964"}],"wp:attachment":[{"href":"https:\/\/nossapauta.com.br\/index.php\/wp-json\/wp\/v2\/media?parent=1963"}],"wp:term":[{"taxonomy":"category","embeddable":true,"href":"https:\/\/nossapauta.com.br\/index.php\/wp-json\/wp\/v2\/categories?post=1963"},{"taxonomy":"post_tag","embeddable":true,"href":"https:\/\/nossapauta.com.br\/index.php\/wp-json\/wp\/v2\/tags?post=1963"}],"curies":[{"name":"wp","href":"https:\/\/api.w.org\/{rel}","templated":true}]}}