{"id":1959,"date":"2026-04-24T21:40:04","date_gmt":"2026-04-25T00:40:04","guid":{"rendered":"https:\/\/nossapauta.com.br\/?p=1959"},"modified":"2026-04-24T21:40:53","modified_gmt":"2026-04-25T00:40:53","slug":"leao-amigo-da-crianca-campanha-incentiva-destinacao-do-imposto-de-renda-para-projetos-sociais-em-timon","status":"publish","type":"post","link":"https:\/\/nossapauta.com.br\/index.php\/2026\/04\/24\/leao-amigo-da-crianca-campanha-incentiva-destinacao-do-imposto-de-renda-para-projetos-sociais-em-timon\/","title":{"rendered":"\u201cLe\u00e3o Amigo da Crian\u00e7a: campanha incentiva destina\u00e7\u00e3o do Imposto de Renda para projetos sociais em Timon\u201d"},"content":{"rendered":"\n<p>A Prefeitura de Timon, por meio da Controladoria Geral do Munic\u00edpio, lan\u00e7ou nesta sexta-feira (24) a segunda edi\u00e7\u00e3o da campanha \u201cLe\u00e3o Amigo da Crian\u00e7a\u201d. A iniciativa tem como objetivo incentivar contribuintes a destinarem parte do Imposto de Renda aos Fundos Municipais da Crian\u00e7a, do Adolescente e do Idoso.<br>A a\u00e7\u00e3o busca fortalecer a rede de prote\u00e7\u00e3o social no munic\u00edpio, estimulando a solidariedade e ampliando o apoio a projetos voltados ao atendimento de crian\u00e7as, adolescentes e idosos em situa\u00e7\u00e3o de vulnerabilidade. A campanha tamb\u00e9m refor\u00e7a a import\u00e2ncia da participa\u00e7\u00e3o cidad\u00e3, mostrando que \u00e9 poss\u00edvel contribuir com causas sociais sem qualquer custo adicional.<br>Durante o preenchimento da declara\u00e7\u00e3o de ajuste anual, pessoas f\u00edsicas e jur\u00eddicas podem optar pela destina\u00e7\u00e3o de uma parcela do imposto devido diretamente aos fundos municipais. O valor, que iria para a Uni\u00e3o, permanece na cidade e \u00e9 aplicado em iniciativas locais, promovendo impacto direto na comunidade.<br>A campanha \u201cLe\u00e3o Amigo da Crian\u00e7a\u201d refor\u00e7a o papel da sociedade na constru\u00e7\u00e3o de pol\u00edticas p\u00fablicas mais inclusivas e solid\u00e1rias, al\u00e9m de incentivar o uso consciente dos mecanismos legais de incentivo fiscal dispon\u00edveis.<\/p>\n","protected":false},"excerpt":{"rendered":"<p>A Prefeitura de Timon, por meio da Controladoria Geral do Munic\u00edpio, lan\u00e7ou nesta sexta-feira (24)<\/p>\n","protected":false},"author":2,"featured_media":1960,"comment_status":"open","ping_status":"open","sticky":false,"template":"","format":"standard","meta":{"footnotes":""},"categories":[14,17],"tags":[],"class_list":["post-1959","post","type-post","status-publish","format-standard","has-post-thumbnail","hentry","category-cidades","category-destaques"],"yoast_head":"<!-- This site is optimized with the Yoast SEO plugin v27.3 - https:\/\/yoast.com\/product\/yoast-seo-wordpress\/ -->\n<title>\u201cLe\u00e3o Amigo da Crian\u00e7a: campanha incentiva destina\u00e7\u00e3o do Imposto de Renda para projetos sociais em Timon\u201d - Portal Nossa Pauta<\/title>\n<meta name=\"robots\" content=\"index, follow, max-snippet:-1, max-image-preview:large, max-video-preview:-1\" \/>\n<link rel=\"canonical\" href=\"https:\/\/nossapauta.com.br\/index.php\/2026\/04\/24\/leao-amigo-da-crianca-campanha-incentiva-destinacao-do-imposto-de-renda-para-projetos-sociais-em-timon\/\" \/>\n<meta property=\"og:locale\" content=\"pt_BR\" \/>\n<meta property=\"og:type\" content=\"article\" \/>\n<meta property=\"og:title\" content=\"\u201cLe\u00e3o Amigo da Crian\u00e7a: campanha incentiva destina\u00e7\u00e3o do Imposto de Renda para projetos sociais em Timon\u201d - Portal Nossa Pauta\" \/>\n<meta property=\"og:description\" content=\"A Prefeitura de Timon, por meio da Controladoria Geral do Munic\u00edpio, lan\u00e7ou nesta sexta-feira (24)\" \/>\n<meta property=\"og:url\" content=\"https:\/\/nossapauta.com.br\/index.php\/2026\/04\/24\/leao-amigo-da-crianca-campanha-incentiva-destinacao-do-imposto-de-renda-para-projetos-sociais-em-timon\/\" \/>\n<meta property=\"og:site_name\" content=\"Portal Nossa Pauta\" \/>\n<meta property=\"article:published_time\" content=\"2026-04-25T00:40:04+00:00\" \/>\n<meta property=\"article:modified_time\" content=\"2026-04-25T00:40:53+00:00\" \/>\n<meta property=\"og:image\" content=\"https:\/\/nossapauta.com.br\/wp-content\/uploads\/2026\/04\/banner-materia-20260424232534.jpg.1200x0_q70_crop-top.webp\" \/>\n\t<meta property=\"og:image:width\" content=\"1200\" \/>\n\t<meta property=\"og:image:height\" content=\"800\" \/>\n\t<meta property=\"og:image:type\" content=\"image\/webp\" \/>\n<meta name=\"author\" content=\"Andr\u00e9 Mesquita\" \/>\n<meta name=\"twitter:card\" content=\"summary_large_image\" \/>\n<meta name=\"twitter:creator\" content=\"@NossaPautaNews\" \/>\n<meta name=\"twitter:site\" content=\"@NossaPautaNews\" \/>\n<meta name=\"twitter:label1\" content=\"Escrito por\" \/>\n\t<meta name=\"twitter:data1\" content=\"Andr\u00e9 Mesquita\" \/>\n\t<meta name=\"twitter:label2\" content=\"Est. tempo de leitura\" \/>\n\t<meta name=\"twitter:data2\" content=\"2 minutos\" \/>\n<script type=\"application\/ld+json\" class=\"yoast-schema-graph\">{\"@context\":\"https:\\\/\\\/schema.org\",\"@graph\":[{\"@type\":\"Article\",\"@id\":\"https:\\\/\\\/nossapauta.com.br\\\/index.php\\\/2026\\\/04\\\/24\\\/leao-amigo-da-crianca-campanha-incentiva-destinacao-do-imposto-de-renda-para-projetos-sociais-em-timon\\\/#article\",\"isPartOf\":{\"@id\":\"https:\\\/\\\/nossapauta.com.br\\\/index.php\\\/2026\\\/04\\\/24\\\/leao-amigo-da-crianca-campanha-incentiva-destinacao-do-imposto-de-renda-para-projetos-sociais-em-timon\\\/\"},\"author\":{\"name\":\"Andr\u00e9 Mesquita\",\"@id\":\"https:\\\/\\\/nossapauta.com.br\\\/#\\\/schema\\\/person\\\/d746bb0b099fa23efec4671408b19088\"},\"headline\":\"\u201cLe\u00e3o Amigo da Crian\u00e7a: campanha incentiva destina\u00e7\u00e3o do Imposto de Renda para projetos sociais em Timon\u201d\",\"datePublished\":\"2026-04-25T00:40:04+00:00\",\"dateModified\":\"2026-04-25T00:40:53+00:00\",\"mainEntityOfPage\":{\"@id\":\"https:\\\/\\\/nossapauta.com.br\\\/index.php\\\/2026\\\/04\\\/24\\\/leao-amigo-da-crianca-campanha-incentiva-destinacao-do-imposto-de-renda-para-projetos-sociais-em-timon\\\/\"},\"wordCount\":227,\"commentCount\":0,\"publisher\":{\"@id\":\"https:\\\/\\\/nossapauta.com.br\\\/#organization\"},\"image\":{\"@id\":\"https:\\\/\\\/nossapauta.com.br\\\/index.php\\\/2026\\\/04\\\/24\\\/leao-amigo-da-crianca-campanha-incentiva-destinacao-do-imposto-de-renda-para-projetos-sociais-em-timon\\\/#primaryimage\"},\"thumbnailUrl\":\"https:\\\/\\\/nossapauta.com.br\\\/wp-content\\\/uploads\\\/2026\\\/04\\\/banner-materia-20260424232534.jpg.1200x0_q70_crop-top-e1777078006415.webp\",\"articleSection\":[\"Cidades\",\"Destaques\"],\"inLanguage\":\"pt-BR\",\"potentialAction\":[{\"@type\":\"CommentAction\",\"name\":\"Comment\",\"target\":[\"https:\\\/\\\/nossapauta.com.br\\\/index.php\\\/2026\\\/04\\\/24\\\/leao-amigo-da-crianca-campanha-incentiva-destinacao-do-imposto-de-renda-para-projetos-sociais-em-timon\\\/#respond\"]}]},{\"@type\":\"WebPage\",\"@id\":\"https:\\\/\\\/nossapauta.com.br\\\/index.php\\\/2026\\\/04\\\/24\\\/leao-amigo-da-crianca-campanha-incentiva-destinacao-do-imposto-de-renda-para-projetos-sociais-em-timon\\\/\",\"url\":\"https:\\\/\\\/nossapauta.com.br\\\/index.php\\\/2026\\\/04\\\/24\\\/leao-amigo-da-crianca-campanha-incentiva-destinacao-do-imposto-de-renda-para-projetos-sociais-em-timon\\\/\",\"name\":\"\u201cLe\u00e3o Amigo da Crian\u00e7a: campanha incentiva destina\u00e7\u00e3o do Imposto de Renda para projetos sociais em Timon\u201d - Portal Nossa Pauta\",\"isPartOf\":{\"@id\":\"https:\\\/\\\/nossapauta.com.br\\\/#website\"},\"primaryImageOfPage\":{\"@id\":\"https:\\\/\\\/nossapauta.com.br\\\/index.php\\\/2026\\\/04\\\/24\\\/leao-amigo-da-crianca-campanha-incentiva-destinacao-do-imposto-de-renda-para-projetos-sociais-em-timon\\\/#primaryimage\"},\"image\":{\"@id\":\"https:\\\/\\\/nossapauta.com.br\\\/index.php\\\/2026\\\/04\\\/24\\\/leao-amigo-da-crianca-campanha-incentiva-destinacao-do-imposto-de-renda-para-projetos-sociais-em-timon\\\/#primaryimage\"},\"thumbnailUrl\":\"https:\\\/\\\/nossapauta.com.br\\\/wp-content\\\/uploads\\\/2026\\\/04\\\/banner-materia-20260424232534.jpg.1200x0_q70_crop-top-e1777078006415.webp\",\"datePublished\":\"2026-04-25T00:40:04+00:00\",\"dateModified\":\"2026-04-25T00:40:53+00:00\",\"breadcrumb\":{\"@id\":\"https:\\\/\\\/nossapauta.com.br\\\/index.php\\\/2026\\\/04\\\/24\\\/leao-amigo-da-crianca-campanha-incentiva-destinacao-do-imposto-de-renda-para-projetos-sociais-em-timon\\\/#breadcrumb\"},\"inLanguage\":\"pt-BR\",\"potentialAction\":[{\"@type\":\"ReadAction\",\"target\":[\"https:\\\/\\\/nossapauta.com.br\\\/index.php\\\/2026\\\/04\\\/24\\\/leao-amigo-da-crianca-campanha-incentiva-destinacao-do-imposto-de-renda-para-projetos-sociais-em-timon\\\/\"]}]},{\"@type\":\"ImageObject\",\"inLanguage\":\"pt-BR\",\"@id\":\"https:\\\/\\\/nossapauta.com.br\\\/index.php\\\/2026\\\/04\\\/24\\\/leao-amigo-da-crianca-campanha-incentiva-destinacao-do-imposto-de-renda-para-projetos-sociais-em-timon\\\/#primaryimage\",\"url\":\"https:\\\/\\\/nossapauta.com.br\\\/wp-content\\\/uploads\\\/2026\\\/04\\\/banner-materia-20260424232534.jpg.1200x0_q70_crop-top-e1777078006415.webp\",\"contentUrl\":\"https:\\\/\\\/nossapauta.com.br\\\/wp-content\\\/uploads\\\/2026\\\/04\\\/banner-materia-20260424232534.jpg.1200x0_q70_crop-top-e1777078006415.webp\",\"width\":900,\"height\":600},{\"@type\":\"BreadcrumbList\",\"@id\":\"https:\\\/\\\/nossapauta.com.br\\\/index.php\\\/2026\\\/04\\\/24\\\/leao-amigo-da-crianca-campanha-incentiva-destinacao-do-imposto-de-renda-para-projetos-sociais-em-timon\\\/#breadcrumb\",\"itemListElement\":[{\"@type\":\"ListItem\",\"position\":1,\"name\":\"In\u00edcio\",\"item\":\"https:\\\/\\\/nossapauta.com.br\\\/\"},{\"@type\":\"ListItem\",\"position\":2,\"name\":\"\u201cLe\u00e3o Amigo da Crian\u00e7a: campanha incentiva destina\u00e7\u00e3o do Imposto de Renda para projetos sociais em Timon\u201d\"}]},{\"@type\":\"WebSite\",\"@id\":\"https:\\\/\\\/nossapauta.com.br\\\/#website\",\"url\":\"https:\\\/\\\/nossapauta.com.br\\\/\",\"name\":\"Nossa Pauta\",\"description\":\"Seu Portal de not\u00edcias que te atualiza.\",\"publisher\":{\"@id\":\"https:\\\/\\\/nossapauta.com.br\\\/#organization\"},\"alternateName\":\"Portal Nossa Pauta\",\"potentialAction\":[{\"@type\":\"SearchAction\",\"target\":{\"@type\":\"EntryPoint\",\"urlTemplate\":\"https:\\\/\\\/nossapauta.com.br\\\/?s={search_term_string}\"},\"query-input\":{\"@type\":\"PropertyValueSpecification\",\"valueRequired\":true,\"valueName\":\"search_term_string\"}}],\"inLanguage\":\"pt-BR\"},{\"@type\":\"Organization\",\"@id\":\"https:\\\/\\\/nossapauta.com.br\\\/#organization\",\"name\":\"Portal Nossa Pauta\",\"url\":\"https:\\\/\\\/nossapauta.com.br\\\/\",\"logo\":{\"@type\":\"ImageObject\",\"inLanguage\":\"pt-BR\",\"@id\":\"https:\\\/\\\/nossapauta.com.br\\\/#\\\/schema\\\/logo\\\/image\\\/\",\"url\":\"https:\\\/\\\/nossapauta.com.br\\\/wp-content\\\/uploads\\\/2025\\\/10\\\/nossa_pauta_icone.png\",\"contentUrl\":\"https:\\\/\\\/nossapauta.com.br\\\/wp-content\\\/uploads\\\/2025\\\/10\\\/nossa_pauta_icone.png\",\"width\":200,\"height\":186,\"caption\":\"Portal Nossa Pauta\"},\"image\":{\"@id\":\"https:\\\/\\\/nossapauta.com.br\\\/#\\\/schema\\\/logo\\\/image\\\/\"},\"sameAs\":[\"https:\\\/\\\/x.com\\\/NossaPautaNews\",\"https:\\\/\\\/instagram.com\\\/nossa_pauta\"]},{\"@type\":\"Person\",\"@id\":\"https:\\\/\\\/nossapauta.com.br\\\/#\\\/schema\\\/person\\\/d746bb0b099fa23efec4671408b19088\",\"name\":\"Andr\u00e9 Mesquita\",\"image\":{\"@type\":\"ImageObject\",\"inLanguage\":\"pt-BR\",\"@id\":\"https:\\\/\\\/secure.gravatar.com\\\/avatar\\\/176a5646e67d1531cbf999621337619c32919d98f61cca6309822d3466db2a61?s=96&d=mm&r=g\",\"url\":\"https:\\\/\\\/secure.gravatar.com\\\/avatar\\\/176a5646e67d1531cbf999621337619c32919d98f61cca6309822d3466db2a61?s=96&d=mm&r=g\",\"contentUrl\":\"https:\\\/\\\/secure.gravatar.com\\\/avatar\\\/176a5646e67d1531cbf999621337619c32919d98f61cca6309822d3466db2a61?s=96&d=mm&r=g\",\"caption\":\"Andr\u00e9 Mesquita\"},\"url\":\"https:\\\/\\\/nossapauta.com.br\\\/index.php\\\/author\\\/andre\\\/\"}]}<\/script>\n<!-- \/ Yoast SEO plugin. -->","yoast_head_json":{"title":"\u201cLe\u00e3o Amigo da Crian\u00e7a: campanha incentiva destina\u00e7\u00e3o do Imposto de Renda para projetos sociais em Timon\u201d - Portal Nossa Pauta","robots":{"index":"index","follow":"follow","max-snippet":"max-snippet:-1","max-image-preview":"max-image-preview:large","max-video-preview":"max-video-preview:-1"},"canonical":"https:\/\/nossapauta.com.br\/index.php\/2026\/04\/24\/leao-amigo-da-crianca-campanha-incentiva-destinacao-do-imposto-de-renda-para-projetos-sociais-em-timon\/","og_locale":"pt_BR","og_type":"article","og_title":"\u201cLe\u00e3o Amigo da Crian\u00e7a: campanha incentiva destina\u00e7\u00e3o do Imposto de Renda para projetos sociais em Timon\u201d - Portal Nossa Pauta","og_description":"A Prefeitura de Timon, por meio da Controladoria Geral do Munic\u00edpio, lan\u00e7ou nesta sexta-feira (24)","og_url":"https:\/\/nossapauta.com.br\/index.php\/2026\/04\/24\/leao-amigo-da-crianca-campanha-incentiva-destinacao-do-imposto-de-renda-para-projetos-sociais-em-timon\/","og_site_name":"Portal Nossa Pauta","article_published_time":"2026-04-25T00:40:04+00:00","article_modified_time":"2026-04-25T00:40:53+00:00","og_image":[{"width":1200,"height":800,"url":"https:\/\/nossapauta.com.br\/wp-content\/uploads\/2026\/04\/banner-materia-20260424232534.jpg.1200x0_q70_crop-top.webp","type":"image\/webp"}],"author":"Andr\u00e9 Mesquita","twitter_card":"summary_large_image","twitter_creator":"@NossaPautaNews","twitter_site":"@NossaPautaNews","twitter_misc":{"Escrito por":"Andr\u00e9 Mesquita","Est. tempo de leitura":"2 minutos"},"schema":{"@context":"https:\/\/schema.org","@graph":[{"@type":"Article","@id":"https:\/\/nossapauta.com.br\/index.php\/2026\/04\/24\/leao-amigo-da-crianca-campanha-incentiva-destinacao-do-imposto-de-renda-para-projetos-sociais-em-timon\/#article","isPartOf":{"@id":"https:\/\/nossapauta.com.br\/index.php\/2026\/04\/24\/leao-amigo-da-crianca-campanha-incentiva-destinacao-do-imposto-de-renda-para-projetos-sociais-em-timon\/"},"author":{"name":"Andr\u00e9 Mesquita","@id":"https:\/\/nossapauta.com.br\/#\/schema\/person\/d746bb0b099fa23efec4671408b19088"},"headline":"\u201cLe\u00e3o Amigo da Crian\u00e7a: campanha incentiva destina\u00e7\u00e3o do Imposto de Renda para projetos sociais em Timon\u201d","datePublished":"2026-04-25T00:40:04+00:00","dateModified":"2026-04-25T00:40:53+00:00","mainEntityOfPage":{"@id":"https:\/\/nossapauta.com.br\/index.php\/2026\/04\/24\/leao-amigo-da-crianca-campanha-incentiva-destinacao-do-imposto-de-renda-para-projetos-sociais-em-timon\/"},"wordCount":227,"commentCount":0,"publisher":{"@id":"https:\/\/nossapauta.com.br\/#organization"},"image":{"@id":"https:\/\/nossapauta.com.br\/index.php\/2026\/04\/24\/leao-amigo-da-crianca-campanha-incentiva-destinacao-do-imposto-de-renda-para-projetos-sociais-em-timon\/#primaryimage"},"thumbnailUrl":"https:\/\/nossapauta.com.br\/wp-content\/uploads\/2026\/04\/banner-materia-20260424232534.jpg.1200x0_q70_crop-top-e1777078006415.webp","articleSection":["Cidades","Destaques"],"inLanguage":"pt-BR","potentialAction":[{"@type":"CommentAction","name":"Comment","target":["https:\/\/nossapauta.com.br\/index.php\/2026\/04\/24\/leao-amigo-da-crianca-campanha-incentiva-destinacao-do-imposto-de-renda-para-projetos-sociais-em-timon\/#respond"]}]},{"@type":"WebPage","@id":"https:\/\/nossapauta.com.br\/index.php\/2026\/04\/24\/leao-amigo-da-crianca-campanha-incentiva-destinacao-do-imposto-de-renda-para-projetos-sociais-em-timon\/","url":"https:\/\/nossapauta.com.br\/index.php\/2026\/04\/24\/leao-amigo-da-crianca-campanha-incentiva-destinacao-do-imposto-de-renda-para-projetos-sociais-em-timon\/","name":"\u201cLe\u00e3o Amigo da Crian\u00e7a: campanha incentiva destina\u00e7\u00e3o do Imposto de Renda para projetos sociais em Timon\u201d - Portal Nossa Pauta","isPartOf":{"@id":"https:\/\/nossapauta.com.br\/#website"},"primaryImageOfPage":{"@id":"https:\/\/nossapauta.com.br\/index.php\/2026\/04\/24\/leao-amigo-da-crianca-campanha-incentiva-destinacao-do-imposto-de-renda-para-projetos-sociais-em-timon\/#primaryimage"},"image":{"@id":"https:\/\/nossapauta.com.br\/index.php\/2026\/04\/24\/leao-amigo-da-crianca-campanha-incentiva-destinacao-do-imposto-de-renda-para-projetos-sociais-em-timon\/#primaryimage"},"thumbnailUrl":"https:\/\/nossapauta.com.br\/wp-content\/uploads\/2026\/04\/banner-materia-20260424232534.jpg.1200x0_q70_crop-top-e1777078006415.webp","datePublished":"2026-04-25T00:40:04+00:00","dateModified":"2026-04-25T00:40:53+00:00","breadcrumb":{"@id":"https:\/\/nossapauta.com.br\/index.php\/2026\/04\/24\/leao-amigo-da-crianca-campanha-incentiva-destinacao-do-imposto-de-renda-para-projetos-sociais-em-timon\/#breadcrumb"},"inLanguage":"pt-BR","potentialAction":[{"@type":"ReadAction","target":["https:\/\/nossapauta.com.br\/index.php\/2026\/04\/24\/leao-amigo-da-crianca-campanha-incentiva-destinacao-do-imposto-de-renda-para-projetos-sociais-em-timon\/"]}]},{"@type":"ImageObject","inLanguage":"pt-BR","@id":"https:\/\/nossapauta.com.br\/index.php\/2026\/04\/24\/leao-amigo-da-crianca-campanha-incentiva-destinacao-do-imposto-de-renda-para-projetos-sociais-em-timon\/#primaryimage","url":"https:\/\/nossapauta.com.br\/wp-content\/uploads\/2026\/04\/banner-materia-20260424232534.jpg.1200x0_q70_crop-top-e1777078006415.webp","contentUrl":"https:\/\/nossapauta.com.br\/wp-content\/uploads\/2026\/04\/banner-materia-20260424232534.jpg.1200x0_q70_crop-top-e1777078006415.webp","width":900,"height":600},{"@type":"BreadcrumbList","@id":"https:\/\/nossapauta.com.br\/index.php\/2026\/04\/24\/leao-amigo-da-crianca-campanha-incentiva-destinacao-do-imposto-de-renda-para-projetos-sociais-em-timon\/#breadcrumb","itemListElement":[{"@type":"ListItem","position":1,"name":"In\u00edcio","item":"https:\/\/nossapauta.com.br\/"},{"@type":"ListItem","position":2,"name":"\u201cLe\u00e3o Amigo da Crian\u00e7a: campanha incentiva destina\u00e7\u00e3o do Imposto de Renda para projetos sociais em Timon\u201d"}]},{"@type":"WebSite","@id":"https:\/\/nossapauta.com.br\/#website","url":"https:\/\/nossapauta.com.br\/","name":"Nossa Pauta","description":"Seu Portal de not\u00edcias que te atualiza.","publisher":{"@id":"https:\/\/nossapauta.com.br\/#organization"},"alternateName":"Portal Nossa Pauta","potentialAction":[{"@type":"SearchAction","target":{"@type":"EntryPoint","urlTemplate":"https:\/\/nossapauta.com.br\/?s={search_term_string}"},"query-input":{"@type":"PropertyValueSpecification","valueRequired":true,"valueName":"search_term_string"}}],"inLanguage":"pt-BR"},{"@type":"Organization","@id":"https:\/\/nossapauta.com.br\/#organization","name":"Portal Nossa Pauta","url":"https:\/\/nossapauta.com.br\/","logo":{"@type":"ImageObject","inLanguage":"pt-BR","@id":"https:\/\/nossapauta.com.br\/#\/schema\/logo\/image\/","url":"https:\/\/nossapauta.com.br\/wp-content\/uploads\/2025\/10\/nossa_pauta_icone.png","contentUrl":"https:\/\/nossapauta.com.br\/wp-content\/uploads\/2025\/10\/nossa_pauta_icone.png","width":200,"height":186,"caption":"Portal Nossa Pauta"},"image":{"@id":"https:\/\/nossapauta.com.br\/#\/schema\/logo\/image\/"},"sameAs":["https:\/\/x.com\/NossaPautaNews","https:\/\/instagram.com\/nossa_pauta"]},{"@type":"Person","@id":"https:\/\/nossapauta.com.br\/#\/schema\/person\/d746bb0b099fa23efec4671408b19088","name":"Andr\u00e9 Mesquita","image":{"@type":"ImageObject","inLanguage":"pt-BR","@id":"https:\/\/secure.gravatar.com\/avatar\/176a5646e67d1531cbf999621337619c32919d98f61cca6309822d3466db2a61?s=96&d=mm&r=g","url":"https:\/\/secure.gravatar.com\/avatar\/176a5646e67d1531cbf999621337619c32919d98f61cca6309822d3466db2a61?s=96&d=mm&r=g","contentUrl":"https:\/\/secure.gravatar.com\/avatar\/176a5646e67d1531cbf999621337619c32919d98f61cca6309822d3466db2a61?s=96&d=mm&r=g","caption":"Andr\u00e9 Mesquita"},"url":"https:\/\/nossapauta.com.br\/index.php\/author\/andre\/"}]}},"_links":{"self":[{"href":"https:\/\/nossapauta.com.br\/index.php\/wp-json\/wp\/v2\/posts\/1959","targetHints":{"allow":["GET"]}}],"collection":[{"href":"https:\/\/nossapauta.com.br\/index.php\/wp-json\/wp\/v2\/posts"}],"about":[{"href":"https:\/\/nossapauta.com.br\/index.php\/wp-json\/wp\/v2\/types\/post"}],"author":[{"embeddable":true,"href":"https:\/\/nossapauta.com.br\/index.php\/wp-json\/wp\/v2\/users\/2"}],"replies":[{"embeddable":true,"href":"https:\/\/nossapauta.com.br\/index.php\/wp-json\/wp\/v2\/comments?post=1959"}],"version-history":[{"count":2,"href":"https:\/\/nossapauta.com.br\/index.php\/wp-json\/wp\/v2\/posts\/1959\/revisions"}],"predecessor-version":[{"id":1962,"href":"https:\/\/nossapauta.com.br\/index.php\/wp-json\/wp\/v2\/posts\/1959\/revisions\/1962"}],"wp:featuredmedia":[{"embeddable":true,"href":"https:\/\/nossapauta.com.br\/index.php\/wp-json\/wp\/v2\/media\/1960"}],"wp:attachment":[{"href":"https:\/\/nossapauta.com.br\/index.php\/wp-json\/wp\/v2\/media?parent=1959"}],"wp:term":[{"taxonomy":"category","embeddable":true,"href":"https:\/\/nossapauta.com.br\/index.php\/wp-json\/wp\/v2\/categories?post=1959"},{"taxonomy":"post_tag","embeddable":true,"href":"https:\/\/nossapauta.com.br\/index.php\/wp-json\/wp\/v2\/tags?post=1959"}],"curies":[{"name":"wp","href":"https:\/\/api.w.org\/{rel}","templated":true}]}}